{"id":19780,"date":"2018-07-12T15:55:05","date_gmt":"2018-07-12T19:55:05","guid":{"rendered":"http:\/\/www.corumbaonline.com.br\/news\/?p=19780"},"modified":"2018-07-12T15:56:23","modified_gmt":"2018-07-12T19:56:23","slug":"material-de-construcao-teve-queda-de-47-no-faturamento-em-junho","status":"publish","type":"post","link":"https:\/\/www.corumbaonline.com.br\/news\/material-de-construcao-teve-queda-de-47-no-faturamento-em-junho\/","title":{"rendered":"Material de constru\u00e7\u00e3o teve queda de 4,7% no faturamento em junho"},"content":{"rendered":"<p>Em junho, a ind\u00fastria de materiais de constru\u00e7\u00e3o apresentou queda de 4,7% em seu faturamento, na compara\u00e7\u00e3o com o mesmo m\u00eas do ano passado. Segundo a Associa\u00e7\u00e3o Brasileira da Ind\u00fastria de Materiais de Constru\u00e7\u00e3o (Abramat), uma das raz\u00f5es que explicam a queda foi a greve dos caminhoneiros. A Abramat corrigiu tamb\u00e9m o resultado de maio, que havia apontado crescimento de 3,5%. Na revis\u00e3o, foi constatada queda de 9% no m\u00eas de maio, na compara\u00e7\u00e3o com o ano passado.<\/p>\n<p>Na compara\u00e7\u00e3o de maio para junho, houve proje\u00e7\u00e3o de crescimento de 4,4%, mas o real faturamento pode ser superior \u00e0 previs\u00e3o, j\u00e1 que muitas das vendas realizadas em maio foram adiadas por causa da greve dos caminhoneiros e teve seus n\u00fameros computados apenas em junho.<\/p>\n<p>No acumulado do ano, de janeiro e junho, o faturamento do setor teve queda de 0,4% em rela\u00e7\u00e3o ao mesmo per\u00edodo do ano passado. Mas a proje\u00e7\u00e3o \u00e9 que, at\u00e9 o final deste ano, o setor cres\u00e7a 1,5% na mesma compara\u00e7\u00e3o.<\/p>\n<p>\u201cQue a greve dos caminhoneiros impactou negativamente o setor todos sab\u00edamos, mas as dimens\u00f5es das consequ\u00eancias s\u00f3 puderam ser aferidas agora. Com a atualiza\u00e7\u00e3o das bases de dados da FGV e IBGE, que baseiam nossos estudos, pudemos ter uma no\u00e7\u00e3o realista do que o movimento trouxe ao setor da ind\u00fastria de materiais de constru\u00e7\u00e3o\u201d, disse Rodrigo Navarro, presidente da associa\u00e7\u00e3o.<\/p>\n<p>De acordo ainda com Navarro, \u201capesar do resultado negativo imediato, os desdobramentos em sua total complexidade e magnitude ainda ser\u00e3o observados no decorrer do ano, com nossos pr\u00f3ximos estudos demonstrando se haver\u00e1 recupera\u00e7\u00e3o ou n\u00e3o do setor como um todo. A princ\u00edpio, mantemos nossa proje\u00e7\u00e3o inicial de crescimento em 2018\u201d.<\/p>\n","protected":false},"excerpt":{"rendered":"<p>Em junho, a ind\u00fastria de materiais de constru\u00e7\u00e3o apresentou queda de 4,7% em seu faturamento,&#8230;<\/p>\n","protected":false},"author":1,"featured_media":0,"comment_status":"closed","ping_status":"closed","sticky":false,"template":"","format":"standard","meta":{"footnotes":""},"categories":[15],"tags":[],"class_list":["post-19780","post","type-post","status-publish","format-standard","hentry","category-internacional"],"_links":{"self":[{"href":"https:\/\/www.corumbaonline.com.br\/news\/wp-json\/wp\/v2\/posts\/19780","targetHints":{"allow":["GET"]}}],"collection":[{"href":"https:\/\/www.corumbaonline.com.br\/news\/wp-json\/wp\/v2\/posts"}],"about":[{"href":"https:\/\/www.corumbaonline.com.br\/news\/wp-json\/wp\/v2\/types\/post"}],"author":[{"embeddable":true,"href":"https:\/\/www.corumbaonline.com.br\/news\/wp-json\/wp\/v2\/users\/1"}],"replies":[{"embeddable":true,"href":"https:\/\/www.corumbaonline.com.br\/news\/wp-json\/wp\/v2\/comments?post=19780"}],"version-history":[{"count":1,"href":"https:\/\/www.corumbaonline.com.br\/news\/wp-json\/wp\/v2\/posts\/19780\/revisions"}],"predecessor-version":[{"id":19781,"href":"https:\/\/www.corumbaonline.com.br\/news\/wp-json\/wp\/v2\/posts\/19780\/revisions\/19781"}],"wp:attachment":[{"href":"https:\/\/www.corumbaonline.com.br\/news\/wp-json\/wp\/v2\/media?parent=19780"}],"wp:term":[{"taxonomy":"category","embeddable":true,"href":"https:\/\/www.corumbaonline.com.br\/news\/wp-json\/wp\/v2\/categories?post=19780"},{"taxonomy":"post_tag","embeddable":true,"href":"https:\/\/www.corumbaonline.com.br\/news\/wp-json\/wp\/v2\/tags?post=19780"}],"curies":[{"name":"wp","href":"https:\/\/api.w.org\/{rel}","templated":true}]}}