{"id":19789,"date":"2018-07-13T09:22:56","date_gmt":"2018-07-13T13:22:56","guid":{"rendered":"http:\/\/www.corumbaonline.com.br\/news\/?p=19789"},"modified":"2018-07-13T10:41:39","modified_gmt":"2018-07-13T14:41:39","slug":"ifms-abre-inscricoes-para-apresentacao-de-projetos-em-feiras-cientificas","status":"publish","type":"post","link":"https:\/\/www.corumbaonline.com.br\/news\/ifms-abre-inscricoes-para-apresentacao-de-projetos-em-feiras-cientificas\/","title":{"rendered":"IFMS abre inscri\u00e7\u00f5es para apresenta\u00e7\u00e3o de projetos em feiras cient\u00edficas"},"content":{"rendered":"<div>\n<div>O Instituto Federal de Mato Grosso do Sul (IFMS) est\u00e1 com inscri\u00e7\u00f5es abertas de trabalhos para as Feiras de Ci\u00eancia e Tecnologia da institui\u00e7\u00e3o, que ocorrer\u00e3o no m\u00eas de outubro em dez munic\u00edpios.<\/div>\n<div><\/div>\n<div>Elas fazem parte da programa\u00e7\u00e3o da edi\u00e7\u00e3o 2018 da Semana de Ci\u00eancia e Tecnologia nos campi Aquidauana (Feciaq), Campo Grande (Fecintec), Corumb\u00e1 (Fecipan), Coxim (Fecitecx), Dourados (Fecigran), Jardim (Fecioeste), Navira\u00ed (Fecinavi), Nova Andradina (Fecinova), Ponta Por\u00e3 (Fecifron) e Tr\u00eas Lagoas (Fecitel).<\/div>\n<div><\/div>\n<div>Os trabalhos dever\u00e3o ser produzidos por estudantes do 6\u00ba ao 9\u00ba ano do ensino fundamental, do ensino m\u00e9dio ou do t\u00e9cnico integrado, das institui\u00e7\u00f5es de ensino, p\u00fablicas ou privadas, dos munic\u00edpios da \u00e1rea de abrang\u00eancia dos campi do IFMS.<\/div>\n<div><\/div>\n<div>Os egressos dos cursos t\u00e9cnicos integrados do Instituto, que tenham conclu\u00eddo seus cursos ap\u00f3s novembro de 2017, tamb\u00e9m podem inscrever seus trabalhos.<\/div>\n<div><\/div>\n<div>As inscri\u00e7\u00f5es s\u00e3o gratuitas e podem ser feitas at\u00e9 20 de agosto, por meio do Sistema de Submiss\u00e3o e Avalia\u00e7\u00e3o de Projetos. O cadastro deve ser feito pelo orientador do projeto.<\/div>\n<div><\/div>\n<div>No processo de submiss\u00e3o, o orientador deve cadastrar informa\u00e7\u00f5es sobre o trabalho e os autores, al\u00e9m de submeter o resumo expandido, elaborado de acordo com os modelos disponibilizados na Central de Sele\u00e7\u00e3o do IFMS, no endere\u00e7o\u00a0<a href=\"http:\/\/www.ifms.edu.br\/centraldeselecao\" target=\"_blank\" rel=\"noopener noreferrer\">www.ifms.edu.br\/<wbr \/>centraldeselecao<\/a>, onde tamb\u00e9m est\u00e1 dispon\u00edvel o edital com todas as regras de participa\u00e7\u00e3o.<\/div>\n<div><\/div>\n<div><b>Normas\u00a0<\/b>\u2013 Cada trabalho pode ter at\u00e9 tr\u00eas estudantes e um orientador, que deve ser docente com v\u00ednculo empregat\u00edcio com institui\u00e7\u00f5es de ensino. Aos estudantes vinculados ao Programa Institucional de Bolsa de Inicia\u00e7\u00e3o \u00e0 Doc\u00eancia (Pibid), cabe a participa\u00e7\u00e3o como co-orientador, caso haja interesse.<\/div>\n<div><\/div>\n<div>Os trabalhos precisam estar inseridos nas \u00e1reas de conhecimento de Ci\u00eancias Biol\u00f3gicas e da Sa\u00fade, Ci\u00eancias Exatas e da Terra, Ci\u00eancias Humanas\/Sociais Aplicadas e Lingu\u00edstica, Ci\u00eancias Agr\u00e1rias e Engenharias e Multidisciplinar (para projetos com mais de uma \u00e1rea de conhecimento predominante).<\/div>\n<div><\/div>\n<div>A sele\u00e7\u00e3o dos projetos ser\u00e1 feita com base na an\u00e1lise das propostas, a partir da inscri\u00e7\u00e3o e da avalia\u00e7\u00e3o dos resumos expandidos, ficando a cargo dos comit\u00eas de pr\u00e9-avalia\u00e7\u00e3o e sele\u00e7\u00e3o de cada feira, formados por professores dos campi.<\/div>\n<div><\/div>\n<div>Na avalia\u00e7\u00e3o dos resumos ser\u00e3o considerados aspectos como criatividade e inova\u00e7\u00e3o, conhecimento cient\u00edfico do tema, organiza\u00e7\u00e3o e clareza de ideias, e adequa\u00e7\u00e3o \u00e0 norma culta de linguagem.\u00a0 Os trabalhos selecionados dever\u00e3o ainda providenciar os itens necess\u00e1rios para apresenta\u00e7\u00e3o nas feiras, conforme descrito no edital do processo seletivo.<\/div>\n<div><\/div>\n<div><b>Feiras\u00a0<\/b>\u2013 Nelas, os trabalhos ser\u00e3o analisados por comiss\u00f5es avaliadoras compostas por professores e pesquisadores oriundos de universidades, institutos federais, escolas p\u00fablicas e privadas, institui\u00e7\u00f5es de pesquisa e demais \u00f3rg\u00e3os p\u00fablicos. Os crit\u00e9rios avaliados ser\u00e3o pesquisa cientifica, pesquisa tecnol\u00f3gica e itens comuns as duas categorias.<\/div>\n<div><\/div>\n<div>Ser\u00e3o premiados trabalhos nas categorias n\u00edvel m\u00e9dio\/t\u00e9cnico integrado e n\u00edvel fundamental, al\u00e9m de melhor p\u00f4ster\/banner, maquete\/prot\u00f3tipo, apresenta\u00e7\u00e3o oral, relat\u00f3rio, e projeto na categoria n\u00edvel m\u00e9dio\/t\u00e9cnico.<\/div>\n<div><\/div>\n<div>Todos os autores dos trabalhos receber\u00e3o certificado de participa\u00e7\u00e3o que deve ser retirado no campus respons\u00e1vel pela organiza\u00e7\u00e3o da feira onde o trabalho foi apresentado.<\/div>\n<div><\/div>\n<div><b>Semana de Ci\u00eancia e Tecnologia<\/b>\u00a0\u2013 Em 2018, o evento ser\u00e1 realizado de 1\u00ba a 5 de outubro. A edi\u00e7\u00e3o ter\u00e1 como tema &#8220;Ci\u00eancia para a Redu\u00e7\u00e3o das Desigualdades&#8221;. A tem\u00e1tica est\u00e1 relacionada aos Objetivos do Desenvolvimento Sustent\u00e1vel (ODS) estipulados pelas Na\u00e7\u00f5es Unidas.<\/div>\n<div><\/div>\n<div>Na programa\u00e7\u00e3o, al\u00e9m das feiras, est\u00e3o previstas atividades gratuitas e abertas ao p\u00fablico, como palestras, oficinas e mesas-redondas.<\/div>\n<div><\/div>\n<div><b>Feiras 2018<\/b><\/div>\n<\/div>\n<div><\/div>\n<div>\n<table class=\"x_m_3903247293712964565gmail-plain\">\n<tbody>\n<tr>\n<td><strong>Evento<\/strong><\/td>\n<td><strong>Data<\/strong><\/td>\n<\/tr>\n<tr>\n<td>Feira de Ci\u00eancia e Tecnologia de Aquidauana (Feciaq)<\/td>\n<td>01, 02 e 05\/10<\/td>\n<\/tr>\n<tr>\n<td>Feira de Ci\u00eancia e Tecnologia de Campo Grande (Fecintec)<\/td>\n<td>03 a 05\/10<\/td>\n<\/tr>\n<tr>\n<td>Feira de Ci\u00eancia e Tecnologia do Pantanal em Corumb\u00e1 (Fecipan)<\/td>\n<td>04 a 06\/10<\/td>\n<\/tr>\n<tr>\n<td>Feira de Ci\u00eancia e Tecnologia de Coxim (Fecitecx)<\/td>\n<td>03 e 04\/10<\/td>\n<\/tr>\n<tr>\n<td>Feira de Ci\u00eancia e Tecnologia da Grande Dourados (Fecigran)<\/td>\n<td>04 e 05\/10<\/td>\n<\/tr>\n<tr>\n<td>Feira de Ci\u00eancia e Tecnologia da Regi\u00e3o Sudoeste em Jardim (Fecioeste)<\/td>\n<td>03 a 05\/10<\/td>\n<\/tr>\n<tr>\n<td>Feira de Ci\u00eancia e Tecnologia de Navira\u00ed (Fecinavi)<\/td>\n<td>04 e 05\/10<\/td>\n<\/tr>\n<tr>\n<td>Feira de Ci\u00eancia e Tecnologia de Nova Andradina (Fecinova)<\/td>\n<td>02, 03 e 05\/10<\/td>\n<\/tr>\n<tr>\n<td>Feira de Ci\u00eancia e Tecnologia da Fronteira de Ponta Por\u00e3 (Fecifron)<\/td>\n<td>02 e 03\/10<\/td>\n<\/tr>\n<tr>\n<td>Feira de Ci\u00eancia e Tecnologia de Tr\u00eas Lagoas (Fecitel)<\/td>\n<td>02, 03 e 05\/10<\/td>\n<\/tr>\n<\/tbody>\n<\/table>\n<\/div>\n","protected":false},"excerpt":{"rendered":"<p>O Instituto Federal de Mato Grosso do Sul (IFMS) est\u00e1 com inscri\u00e7\u00f5es abertas de trabalhos&#8230;<\/p>\n","protected":false},"author":1,"featured_media":0,"comment_status":"closed","ping_status":"closed","sticky":false,"template":"","format":"standard","meta":{"footnotes":""},"categories":[10],"tags":[],"class_list":["post-19789","post","type-post","status-publish","format-standard","hentry","category-educacao"],"_links":{"self":[{"href":"https:\/\/www.corumbaonline.com.br\/news\/wp-json\/wp\/v2\/posts\/19789","targetHints":{"allow":["GET"]}}],"collection":[{"href":"https:\/\/www.corumbaonline.com.br\/news\/wp-json\/wp\/v2\/posts"}],"about":[{"href":"https:\/\/www.corumbaonline.com.br\/news\/wp-json\/wp\/v2\/types\/post"}],"author":[{"embeddable":true,"href":"https:\/\/www.corumbaonline.com.br\/news\/wp-json\/wp\/v2\/users\/1"}],"replies":[{"embeddable":true,"href":"https:\/\/www.corumbaonline.com.br\/news\/wp-json\/wp\/v2\/comments?post=19789"}],"version-history":[{"count":1,"href":"https:\/\/www.corumbaonline.com.br\/news\/wp-json\/wp\/v2\/posts\/19789\/revisions"}],"predecessor-version":[{"id":19790,"href":"https:\/\/www.corumbaonline.com.br\/news\/wp-json\/wp\/v2\/posts\/19789\/revisions\/19790"}],"wp:attachment":[{"href":"https:\/\/www.corumbaonline.com.br\/news\/wp-json\/wp\/v2\/media?parent=19789"}],"wp:term":[{"taxonomy":"category","embeddable":true,"href":"https:\/\/www.corumbaonline.com.br\/news\/wp-json\/wp\/v2\/categories?post=19789"},{"taxonomy":"post_tag","embeddable":true,"href":"https:\/\/www.corumbaonline.com.br\/news\/wp-json\/wp\/v2\/tags?post=19789"}],"curies":[{"name":"wp","href":"https:\/\/api.w.org\/{rel}","templated":true}]}}