{"id":19807,"date":"2018-07-13T10:58:26","date_gmt":"2018-07-13T14:58:26","guid":{"rendered":"http:\/\/www.corumbaonline.com.br\/news\/?p=19807"},"modified":"2018-07-13T16:28:46","modified_gmt":"2018-07-13T20:28:46","slug":"ifms-oferta-155-vagas-para-curso-de-especializacao-em-docencia","status":"publish","type":"post","link":"https:\/\/www.corumbaonline.com.br\/news\/ifms-oferta-155-vagas-para-curso-de-especializacao-em-docencia\/","title":{"rendered":"IFMS oferta 155 vagas para curso de especializa\u00e7\u00e3o em Doc\u00eancia"},"content":{"rendered":"<div>\n<p>O Instituto Federal de Mato Grosso do Sul (IFMS) est\u00e1 com inscri\u00e7\u00f5es abertas para o curso de especializa\u00e7\u00e3o lato sensu em Doc\u00eancia para a Educa\u00e7\u00e3o Profissional, Cient\u00edfica e Tecnol\u00f3gica, com ingresso no 2\u00ba semestre deste ano.<\/p>\n<div><\/div>\n<div>S\u00e3o ofertadas 155 vagas nos campi Corumb\u00e1, Dourados, Jardim e Ponta Por\u00e3, conforme a tabela abaixo. Podem participar da sele\u00e7\u00e3o portadores de diploma de gradua\u00e7\u00e3o.<\/div>\n<div><\/div>\n<div>Metade das vagas oferecidas se destina a servidores permanentes n\u00e3o licenciados ou em exerc\u00edcio provis\u00f3rio no IFMS. As demais s\u00e3o para o p\u00fablico externo.<\/div>\n<div><\/div>\n<div>As inscri\u00e7\u00f5es ocorrem em duas etapas. At\u00e9 22 de julho, o interessado pode efetivar a inscri\u00e7\u00e3o por meio da P\u00e1gina do Candidato da Central de Sele\u00e7\u00e3o. Posteriormente, deve ser feita pessoalmente a confirma\u00e7\u00e3o da inscri\u00e7\u00e3o na Central de Relacionamentos (Cerel) do campus em que concorre a vaga.<\/div>\n<div><\/div>\n<div>Para isso \u00e9 necess\u00e1rio apresentar o comprovante de inscri\u00e7\u00e3o, gerado por meio da P\u00e1gina do Candidato, e um documento de identifica\u00e7\u00e3o com foto. O prazo vai at\u00e9 23 de julho.<\/div>\n<div><\/div>\n<div>O edital, com as normas do processo seletivo, est\u00e1 publicado na Central de Sele\u00e7\u00e3o, no endere\u00e7o\u00a0<a href=\"http:\/\/www.ifms.edu.br\/centraldeselecao\" target=\"_blank\" rel=\"noopener noreferrer\">www.ifms.edu.br\/centraldeselecao<\/a>.<\/div>\n<div><\/div>\n<div><b>Sele\u00e7\u00e3o\u00a0<\/b>&#8211; Ser\u00e1 feita por meio de sorteio eletr\u00f4nico, que ocorrer\u00e1 at\u00e9 2 de agosto. O resultado ser\u00e1 divulgado no dia seguinte. Em caso de n\u00e3o preenchimento das vagas em qualquer categoria, elas poder\u00e3o ser remanejadas, observando a ordem de classifica\u00e7\u00e3o do sorteio.<\/div>\n<div><\/div>\n<div>Os selecionados dever\u00e3o efetuar a matr\u00edcula de 13 a 17 de agosto.<\/div>\n<div><\/div>\n<div><b>Curso\u00a0<\/b>&#8211; Destina-se \u00e0 forma\u00e7\u00e3o de professores e\/ou especialistas da Educa\u00e7\u00e3o Profissional, Cient\u00edfica e Tecnol\u00f3gica, sendo desenvolvido em regime modular, com carga hor\u00e1ria de 360 horas, acrescidas de 60 horas de Trabalho de Conclus\u00e3o de Curso (TCC). Os encontros ser\u00e3o presenciais nos campi do IFMS.<\/div>\n<div><\/div>\n<div>A equival\u00eancia \u00e0 licenciatura visa ao exerc\u00edcio de atividade docente na Educa\u00e7\u00e3o Profissional T\u00e9cnica de n\u00edvel m\u00e9dio e se destina a profissionais graduados, n\u00e3o licenciados, j\u00e1 em efetivo exerc\u00edcio da profiss\u00e3o docente nesta \u00e1rea, ou aprovado em concurso p\u00fablico para o exerc\u00edcio de tal fun\u00e7\u00e3o.<\/div>\n<div><\/div>\n<div>A especializa\u00e7\u00e3o tem dura\u00e7\u00e3o de 18 a 24 meses, com in\u00edcio das aulas a partir de 22 de agosto, respeitando o calend\u00e1rio de cada campus.<\/div>\n<div><\/div>\n<div>Vagas ofertadas, atendimento e hor\u00e1rios do curso<\/div>\n<\/div>\n<div><\/div>\n<div>\n<table class=\"x_gmail-plain\">\n<tbody>\n<tr>\n<td><strong>Campus<\/strong><\/td>\n<td><strong>Vagas<\/strong><\/td>\n<td><strong>Endere\u00e7o\u00a0<\/strong><\/td>\n<td><strong>Atendimento Cerel<\/strong><\/td>\n<td><strong>Hor\u00e1rio das aulas<\/strong><\/td>\n<\/tr>\n<tr>\n<td>Corumb\u00e1<\/td>\n<td>40<\/td>\n<td>Rua Pedro de Medeiros, s\/n<\/td>\n<td>8h \u00e0s 11h<br \/>\n14h \u00e0s 17h<br \/>\n19h \u00e0s 20h<\/td>\n<td>Quartas e\u00a0quintas-feiras\u00a0(noturno) e\u00a0s\u00e1bados\u00a0(matutino)<\/td>\n<\/tr>\n<tr>\n<td>Dourados<\/td>\n<td>40<\/td>\n<td>Rua Filinto M\u00fcller, 1.790<br \/>\nJardim Cana\u00e3 I<\/td>\n<td>8h \u00e0s 20h<\/td>\n<td>Sextas-feiras\u00a0(noturno) e s\u00e1bados\u00a0(matutino)<\/td>\n<\/tr>\n<tr>\n<td>Jardim<\/td>\n<td>35<\/td>\n<td>Rodovia BR-060, s\/n,\u00a0Fazenda Jardim de S\u00e3o Francisco<\/td>\n<td>13h \u00e0s 17h<\/td>\n<td>Sexta-feiras\u00a0(noturno) e\u00a0s\u00e1bados\u00a0(matutino)<\/td>\n<\/tr>\n<tr>\n<td>Ponta Por\u00e3<\/td>\n<td>40<\/td>\n<td>Rodovia BR-463, km 14, s\/n<\/td>\n<td>14h \u00e0s 17h45<br \/>\n18h45 \u00e0s 21h<\/td>\n<td>Sextas-feiras\u00a0(vespertino) e\u00a0s\u00e1bados\u00a0(matutino)<\/td>\n<\/tr>\n<\/tbody>\n<\/table>\n<\/div>\n","protected":false},"excerpt":{"rendered":"<p>O Instituto Federal de Mato Grosso do Sul (IFMS) est\u00e1 com inscri\u00e7\u00f5es abertas para o&#8230;<\/p>\n","protected":false},"author":1,"featured_media":0,"comment_status":"closed","ping_status":"closed","sticky":false,"template":"","format":"standard","meta":{"footnotes":""},"categories":[10],"tags":[],"class_list":["post-19807","post","type-post","status-publish","format-standard","hentry","category-educacao"],"_links":{"self":[{"href":"https:\/\/www.corumbaonline.com.br\/news\/wp-json\/wp\/v2\/posts\/19807","targetHints":{"allow":["GET"]}}],"collection":[{"href":"https:\/\/www.corumbaonline.com.br\/news\/wp-json\/wp\/v2\/posts"}],"about":[{"href":"https:\/\/www.corumbaonline.com.br\/news\/wp-json\/wp\/v2\/types\/post"}],"author":[{"embeddable":true,"href":"https:\/\/www.corumbaonline.com.br\/news\/wp-json\/wp\/v2\/users\/1"}],"replies":[{"embeddable":true,"href":"https:\/\/www.corumbaonline.com.br\/news\/wp-json\/wp\/v2\/comments?post=19807"}],"version-history":[{"count":2,"href":"https:\/\/www.corumbaonline.com.br\/news\/wp-json\/wp\/v2\/posts\/19807\/revisions"}],"predecessor-version":[{"id":19827,"href":"https:\/\/www.corumbaonline.com.br\/news\/wp-json\/wp\/v2\/posts\/19807\/revisions\/19827"}],"wp:attachment":[{"href":"https:\/\/www.corumbaonline.com.br\/news\/wp-json\/wp\/v2\/media?parent=19807"}],"wp:term":[{"taxonomy":"category","embeddable":true,"href":"https:\/\/www.corumbaonline.com.br\/news\/wp-json\/wp\/v2\/categories?post=19807"},{"taxonomy":"post_tag","embeddable":true,"href":"https:\/\/www.corumbaonline.com.br\/news\/wp-json\/wp\/v2\/tags?post=19807"}],"curies":[{"name":"wp","href":"https:\/\/api.w.org\/{rel}","templated":true}]}}