{"id":19817,"date":"2018-07-13T11:44:38","date_gmt":"2018-07-13T15:44:38","guid":{"rendered":"http:\/\/www.corumbaonline.com.br\/news\/?p=19817"},"modified":"2018-07-13T12:23:27","modified_gmt":"2018-07-13T16:23:27","slug":"justica-federal-concede-liberdade-a-ex-ministro-henrique-alves","status":"publish","type":"post","link":"https:\/\/www.corumbaonline.com.br\/news\/justica-federal-concede-liberdade-a-ex-ministro-henrique-alves\/","title":{"rendered":"Justi\u00e7a Federal concede liberdade a ex-ministro Henrique Alves"},"content":{"rendered":"<p>O juiz Francisco Eduardo Guimar\u00e3es Farias, titular da 14\u00aa Vara da Justi\u00e7a Federal no Rio Grande do Norte, concedeu hoje (13) liberdade provis\u00f3ria ao ex-ministro Henrique Eduardo Alves, que cumpria pris\u00e3o domiciliar em Natal.<\/p>\n<p><a href=\"http:\/\/agenciabrasil.ebc.com.br\/justica\/noticia\/2018-06\/marco-aurelio-concede-habeas-corpus-cunha-mas-ele-permanecera-preso\" target=\"_blank\" rel=\"noopener noreferrer\">O ex-ministro\u00a0<\/a>\u00e9 r\u00e9u no processo da Opera\u00e7\u00e3o Manus, onde constam den\u00fancias de organiza\u00e7\u00e3o criminosa, lavagem de dinheiro e corrup\u00e7\u00e3o passiva.<\/p>\n<div class=\"dnd-widget-wrapper context-cheio_8colunas type-image\">\n<div class=\"dnd-atom-rendered\">\n<figure class=\"mejs-fotoh-wrapper\">\n<p><figure style=\"width: 754px\" class=\"wp-caption alignnone\"><img loading=\"lazy\" decoding=\"async\" class=\"img-responsive full full\" title=\"Marcelo Camargo\/Ag\u00eancia Brasil\/Ag\u00eancia Brasil\" src=\"http:\/\/imagens.ebc.com.br\/V88gB6IRVztIaEN01RzEGlyqci0=\/754x0\/smart\/http:\/\/agenciabrasil.ebc.com.br\/sites\/default\/files\/atoms\/image\/935491-pmdb_politica-20.jpg?itok=Owtm52Te\" alt=\"O Presidente da C\u00e2mara dos Deputados, Henrique Alves (PMDB-RN), e o l\u00edder do PMDB na C\u00e2mara, Eduardo Cunha (PMDB-RJ), ap\u00f3s reuni\u00e3o do Conselho Nacional do PMDB. (Marcelo Camargo\/Ag\u00eancia Brasil)\" width=\"754\" height=\"502\" \/><figcaption class=\"wp-caption-text\">Justi\u00e7a concedeu liberdade provis\u00f3ria ao ex-ministro Henrique Alves, que cumpria pris\u00e3o domiciliar em Natal (Marcelo Camargo\/Ag\u00eancia Brasil)<\/figcaption><\/figure><\/figure>\n<\/div>\n<\/div>\n<p>O juiz, na sua decis\u00e3o, estendeu a Henrique Alves os efeitos da decis\u00e3o do ministro do Supremo Tribunal Federal Marco Aur\u00e9lio Mello, que concedeu habeas corpus ao r\u00e9u Eduardo Cunha no mesmo processo.<\/p>\n<p>O advogado Marcelo Leal, que defende o ex-ministro, est\u00e1 neste momento na 14\u00aa Vara da Justi\u00e7a Federal, em Natal, onde ocorre o \u00faltimo ato de instru\u00e7\u00e3o do processo com o interrogat\u00f3rio de Eduardo Cunha. Ele disse, por meio de nota, que a decis\u00e3o da Justi\u00e7a Federal atesta a inoc\u00eancia de Henrique Alves.<\/p>\n<p>&#8220;A liberdade de Henrique \u00e9 o coroamento de um processo em que at\u00e9 mesmo as testemunhas de acusa\u00e7\u00e3o e os delatores premiados atestaram a inoc\u00eancia de Henrique Alves. O processo est\u00e1 no final. Hoje ser\u00e1 ouvido o interrogat\u00f3rio do \u00faltimo r\u00e9u, Eduardo Cunha. Depois disso, vem a fase de requerimento de dilig\u00eancias, alega\u00e7\u00f5es finais e senten\u00e7a. Estou convicto disso. Foram ouvidas quase 100 testemunhas neste processo e todas, absolutamente todas, confirmam a inoc\u00eancia de Henrique!&#8221;, finalizou.<\/p>\n","protected":false},"excerpt":{"rendered":"<p>O juiz Francisco Eduardo Guimar\u00e3es Farias, titular da 14\u00aa Vara da Justi\u00e7a Federal no Rio&#8230;<\/p>\n","protected":false},"author":1,"featured_media":0,"comment_status":"closed","ping_status":"closed","sticky":false,"template":"","format":"standard","meta":{"footnotes":""},"categories":[14],"tags":[],"class_list":["post-19817","post","type-post","status-publish","format-standard","hentry","category-geral"],"_links":{"self":[{"href":"https:\/\/www.corumbaonline.com.br\/news\/wp-json\/wp\/v2\/posts\/19817","targetHints":{"allow":["GET"]}}],"collection":[{"href":"https:\/\/www.corumbaonline.com.br\/news\/wp-json\/wp\/v2\/posts"}],"about":[{"href":"https:\/\/www.corumbaonline.com.br\/news\/wp-json\/wp\/v2\/types\/post"}],"author":[{"embeddable":true,"href":"https:\/\/www.corumbaonline.com.br\/news\/wp-json\/wp\/v2\/users\/1"}],"replies":[{"embeddable":true,"href":"https:\/\/www.corumbaonline.com.br\/news\/wp-json\/wp\/v2\/comments?post=19817"}],"version-history":[{"count":1,"href":"https:\/\/www.corumbaonline.com.br\/news\/wp-json\/wp\/v2\/posts\/19817\/revisions"}],"predecessor-version":[{"id":19818,"href":"https:\/\/www.corumbaonline.com.br\/news\/wp-json\/wp\/v2\/posts\/19817\/revisions\/19818"}],"wp:attachment":[{"href":"https:\/\/www.corumbaonline.com.br\/news\/wp-json\/wp\/v2\/media?parent=19817"}],"wp:term":[{"taxonomy":"category","embeddable":true,"href":"https:\/\/www.corumbaonline.com.br\/news\/wp-json\/wp\/v2\/categories?post=19817"},{"taxonomy":"post_tag","embeddable":true,"href":"https:\/\/www.corumbaonline.com.br\/news\/wp-json\/wp\/v2\/tags?post=19817"}],"curies":[{"name":"wp","href":"https:\/\/api.w.org\/{rel}","templated":true}]}}