{"id":19823,"date":"2018-07-13T12:00:00","date_gmt":"2018-07-13T16:00:00","guid":{"rendered":"http:\/\/www.corumbaonline.com.br\/news\/?p=19823"},"modified":"2018-07-13T12:56:20","modified_gmt":"2018-07-13T16:56:20","slug":"prb-discute-as-eleicoes-de-outubro-em-encontro-regional-no-sabado","status":"publish","type":"post","link":"https:\/\/www.corumbaonline.com.br\/news\/prb-discute-as-eleicoes-de-outubro-em-encontro-regional-no-sabado\/","title":{"rendered":"PRB discute as elei\u00e7\u00f5es de outubro em encontro regional no s\u00e1bado"},"content":{"rendered":"<p>O Partido Republicano Brasileiro (PRB) realiza neste s\u00e1bado, 14 de julho, o seu Encontro Regional que reunir\u00e1 representantes da sigla partid\u00e1ria de Corumb\u00e1 e Lad\u00e1rio, bem como a dire\u00e7\u00e3o estadual.<\/p>\n<p>O evento acontece a partir das 09 horas, na Associa\u00e7\u00e3o Comercial e Industrial de Corumb\u00e1, localizada na Rua Delamare, 1088, centro da cidade.<br \/>\nO evento \u00e9 apontado pelo vereador Manoel Rodrigues como de extrema import\u00e2ncia para que todos possam conhecer os candidatos do PRB nas pr\u00f3ximas elei\u00e7\u00f5es, j\u00e1 que a sigla partid\u00e1ria trabalha para ampliar sua representatividade a n\u00edvel Estadual e Nacional. &#8220;Vamos ter aqui as presen\u00e7as\u00a0 do senador Pedro Chaves, do presidente do diret\u00f3rio\u00a0 estadual, Wilton Acosta, al\u00e9m de outras autoridades&#8221;, destacou.<br \/>\nO encontro visa mobilizar o partido para as elei\u00e7\u00f5es de outubro de 2018. Vai permitir um amplo debate sobre a atual conjuntura nacional, bem como a estadual, as propostas de governo e a chapa do PRB que, este ano, busca eleger um Deputado Federal e pelo menos dois Deputados Estaduais.<br \/>\nSer\u00e1 importante tamb\u00e9m no sentido de mobilizar o partido nesse per\u00edodo de descr\u00e9dito da pol\u00edtica com as den\u00fancias em todo o Pa\u00eds. Al\u00e9m disso, possibilitar\u00e1 um momento para debater com a popula\u00e7\u00e3o, com a milit\u00e2ncia sobre a import\u00e2ncia do voto, da participa\u00e7\u00e3o de todos no pr\u00f3ximo pleito, visando o voto consciente, evitando o voto nulo.<\/p>\n","protected":false},"excerpt":{"rendered":"<p>O Partido Republicano Brasileiro (PRB) realiza neste s\u00e1bado, 14 de julho, o seu Encontro Regional&#8230;<\/p>\n","protected":false},"author":1,"featured_media":0,"comment_status":"closed","ping_status":"closed","sticky":false,"template":"","format":"standard","meta":{"footnotes":""},"categories":[101,19],"tags":[],"class_list":["post-19823","post","type-post","status-publish","format-standard","hentry","category-eleicoes","category-politica"],"_links":{"self":[{"href":"https:\/\/www.corumbaonline.com.br\/news\/wp-json\/wp\/v2\/posts\/19823","targetHints":{"allow":["GET"]}}],"collection":[{"href":"https:\/\/www.corumbaonline.com.br\/news\/wp-json\/wp\/v2\/posts"}],"about":[{"href":"https:\/\/www.corumbaonline.com.br\/news\/wp-json\/wp\/v2\/types\/post"}],"author":[{"embeddable":true,"href":"https:\/\/www.corumbaonline.com.br\/news\/wp-json\/wp\/v2\/users\/1"}],"replies":[{"embeddable":true,"href":"https:\/\/www.corumbaonline.com.br\/news\/wp-json\/wp\/v2\/comments?post=19823"}],"version-history":[{"count":2,"href":"https:\/\/www.corumbaonline.com.br\/news\/wp-json\/wp\/v2\/posts\/19823\/revisions"}],"predecessor-version":[{"id":19825,"href":"https:\/\/www.corumbaonline.com.br\/news\/wp-json\/wp\/v2\/posts\/19823\/revisions\/19825"}],"wp:attachment":[{"href":"https:\/\/www.corumbaonline.com.br\/news\/wp-json\/wp\/v2\/media?parent=19823"}],"wp:term":[{"taxonomy":"category","embeddable":true,"href":"https:\/\/www.corumbaonline.com.br\/news\/wp-json\/wp\/v2\/categories?post=19823"},{"taxonomy":"post_tag","embeddable":true,"href":"https:\/\/www.corumbaonline.com.br\/news\/wp-json\/wp\/v2\/tags?post=19823"}],"curies":[{"name":"wp","href":"https:\/\/api.w.org\/{rel}","templated":true}]}}