{"id":19934,"date":"2018-07-17T08:20:38","date_gmt":"2018-07-17T12:20:38","guid":{"rendered":"http:\/\/www.corumbaonline.com.br\/news\/?p=19934"},"modified":"2018-07-17T08:27:21","modified_gmt":"2018-07-17T12:27:21","slug":"pela-3a-vez-carmen-lucia-assume-presidencia-durante-viagem-de-temer","status":"publish","type":"post","link":"https:\/\/www.corumbaonline.com.br\/news\/pela-3a-vez-carmen-lucia-assume-presidencia-durante-viagem-de-temer\/","title":{"rendered":"Pela 3\u00aa vez, C\u00e1rmen L\u00facia assume presid\u00eancia durante viagem de Temer"},"content":{"rendered":"<p>A presidente do Supremo Tribunal Federal (STF), ministra C\u00e1rmen L\u00facia, assumir\u00e1 interinamente a presidente da Rep\u00fablica durante a viagem do presidente Michel Temer\u00a0para 12\u00aa Confer\u00eancia de Chefes de Estado e de Governo da Comunidade dos Pa\u00edses de L\u00edngua Portuguesa (CPLP), na Ilha do Sal, em Cabo Verde, que vai at\u00e9\u00a0<span id=\"OBJ_PREFIX_DWT2838_com_zimbra_date\"><span id=\"OBJ_PREFIX_DWT2842_com_zimbra_date\">quarta<\/span><\/span>-feira (18).<\/p>\n<p>A partir de hoje (17), com a ida tempor\u00e1ria de C\u00e1rmen L\u00facia para o Pal\u00e1cio do Planalto, o STF ser\u00e1 comandado pelo ministro Celso de Mello, integrante mais antigo em atividade, que dever\u00e1 decidir quest\u00f5es urgentes durante o recesso<span id=\"OBJ_PREFIX_DWT2839_com_zimbra_date\">\u00a0de julho<\/span>\u00a0na Corte. O cargo deveria ser ocupado pelo vice-presidente, Dias Toffoli, mas o ministro est\u00e1 em f\u00e9rias, e, nesse caso, assume o ministro decano.<\/p>\n<p>C\u00e1rmen L\u00facia, terceira na linha sucess\u00f3ria, assume interinamente a Presid\u00eancia da Rep\u00fablica em fun\u00e7\u00e3o da legisla\u00e7\u00e3o eleitoral. Como o cargo de vice-presidente est\u00e1 vago, a primeira pessoa da linha sucess\u00f3ria no pa\u00eds\u00a0\u00e9 o presidente da C\u00e2mara dos Deputados, Rodrigo Maia (DEM-RJ), e o segundo, o do Senado, Eun\u00edcio Oliveira (PMDB-CE).<\/p>\n<p>No entanto, a\u00a0legisla\u00e7\u00e3o eleitoral impede a candidatura de ocupantes de cargos no Executivo nos seis meses que antecedem as elei\u00e7\u00f5es. Dessa forma, se Maia ou Eun\u00edcio assumirem a presid\u00eancia, ficariam ineleg\u00edveis e n\u00e3o poderiam disputar as elei\u00e7\u00f5es<span id=\"OBJ_PREFIX_DWT2840_com_zimbra_date\">\u00a0de outubro<\/span>.<\/p>\n<p>Esta \u00e9 a\u00a0terceira vez que C\u00e1rmen L\u00facia assume a presid\u00eancia nesse per\u00edodo pr\u00e9-eleitoral. Em abril,\u00a0<span id=\"OBJ_PREFIX_DWT2841_com_zimbra_url\"><span id=\"OBJ_PREFIX_DWT2843_com_zimbra_url\"><a href=\"http:\/\/agenciabrasil.ebc.com.br\/politica\/noticia\/2018-04\/com-viagem-de-temer-carmen-lucia-assume-presidencia-da-republica\" target=\"_blank\" rel=\"noopener noreferrer\">ela ocupou o posto<\/a><\/span><\/span>\u00a0durante viagem de Michel Temer ao Peru, para a 8\u00aa C\u00fapula das Am\u00e9ricas. Em junho, o presidente foi ao Paraguai, onde participou do encontro dos Chefes de Estado do Mercosul.<\/p>\n","protected":false},"excerpt":{"rendered":"<p>A presidente do Supremo Tribunal Federal (STF), ministra C\u00e1rmen L\u00facia, assumir\u00e1 interinamente a presidente da&#8230;<\/p>\n","protected":false},"author":1,"featured_media":0,"comment_status":"closed","ping_status":"closed","sticky":false,"template":"","format":"standard","meta":{"footnotes":""},"categories":[19],"tags":[],"class_list":["post-19934","post","type-post","status-publish","format-standard","hentry","category-politica"],"_links":{"self":[{"href":"https:\/\/www.corumbaonline.com.br\/news\/wp-json\/wp\/v2\/posts\/19934","targetHints":{"allow":["GET"]}}],"collection":[{"href":"https:\/\/www.corumbaonline.com.br\/news\/wp-json\/wp\/v2\/posts"}],"about":[{"href":"https:\/\/www.corumbaonline.com.br\/news\/wp-json\/wp\/v2\/types\/post"}],"author":[{"embeddable":true,"href":"https:\/\/www.corumbaonline.com.br\/news\/wp-json\/wp\/v2\/users\/1"}],"replies":[{"embeddable":true,"href":"https:\/\/www.corumbaonline.com.br\/news\/wp-json\/wp\/v2\/comments?post=19934"}],"version-history":[{"count":1,"href":"https:\/\/www.corumbaonline.com.br\/news\/wp-json\/wp\/v2\/posts\/19934\/revisions"}],"predecessor-version":[{"id":19935,"href":"https:\/\/www.corumbaonline.com.br\/news\/wp-json\/wp\/v2\/posts\/19934\/revisions\/19935"}],"wp:attachment":[{"href":"https:\/\/www.corumbaonline.com.br\/news\/wp-json\/wp\/v2\/media?parent=19934"}],"wp:term":[{"taxonomy":"category","embeddable":true,"href":"https:\/\/www.corumbaonline.com.br\/news\/wp-json\/wp\/v2\/categories?post=19934"},{"taxonomy":"post_tag","embeddable":true,"href":"https:\/\/www.corumbaonline.com.br\/news\/wp-json\/wp\/v2\/tags?post=19934"}],"curies":[{"name":"wp","href":"https:\/\/api.w.org\/{rel}","templated":true}]}}