{"id":19940,"date":"2018-07-17T08:45:09","date_gmt":"2018-07-17T12:45:09","guid":{"rendered":"http:\/\/www.corumbaonline.com.br\/news\/?p=19940"},"modified":"2018-07-17T12:10:57","modified_gmt":"2018-07-17T16:10:57","slug":"municipio-valoriza-trabalho-da-agricultura-familiar-com-2a-festaf","status":"publish","type":"post","link":"https:\/\/www.corumbaonline.com.br\/news\/municipio-valoriza-trabalho-da-agricultura-familiar-com-2a-festaf\/","title":{"rendered":"Munic\u00edpio valoriza trabalho da agricultura familiar com 2\u00aa FESTAF"},"content":{"rendered":"<p>O prefeito Marcelo Iunes participou da 2\u00aa Festa da Agricultura Familiar (2\u00aa FESTAF) realizada na Escola Eutr\u00f3pia Gomes Pedroso, no assentamento Tamarineiro, na sexta-feira, 13 de julho. Para o chefe do Executivo Municipal, a FESTAF \u00e9 um importante instrumento de visibilidade para o trabalho e produ\u00e7\u00e3o das fam\u00edlias que vivem nos assentamentos rurais de Corumb\u00e1.<\/p>\n<p>&nbsp;<\/p>\n<p>Iunes destacou que o Munic\u00edpio trabalha a formaliza\u00e7\u00e3o de parceria para aquisi\u00e7\u00e3o da produ\u00e7\u00e3o dos assentados pela Prefeitura, para que possam ser utilizados, por exemplo, na merenda escolar das unidades de ensino da Rede Municipal. \u201cEstamos publicando chamamento para conv\u00eanio com a Secretaria Municipal de Educa\u00e7\u00e3o para que as fam\u00edlias de assentados possam vender sua produ\u00e7\u00e3o para a Prefeitura, para a merenda das escolas municipais. A iniciativa motiva, os assentados v\u00e3o produzir com a com certeza da comercializa\u00e7\u00e3o\u201d, ressaltou o prefeito.<\/p>\n<p>&nbsp;<\/p>\n<p>De acordo com o chefe do Executivo corumbaense, a amplia\u00e7\u00e3o da possibilidade de escoar a produ\u00e7\u00e3o, resultar\u00e1 no consequente aumento do que \u00e9 produzido. \u201cQuanto mais recursos tiverem, maiores ser\u00e3o as possibilidades de investimento e maio ser\u00e1 a produ\u00e7\u00e3o dos nossos assentados. A Prefeitura \u00e9 parceira\u201d, afirmou o prefeito destacando tamb\u00e9m o apoio dos vereadores de Corumb\u00e1 \u00e0s fam\u00edlias de assentados rurais.<\/p>\n<p>&nbsp;<\/p>\n<p>Marcelo Iunes ressaltou o trabalho realizado pela Secretaria Especial de Agricultura Familiar. \u201cMostra que a Prefeitura est\u00e1 ao lado dos assentados. Essa Feira hoje (FESTAF) \u00e9 muito importante, fundamental para estas fam\u00edlias\u201d, afirmou.<\/p>\n<p>&nbsp;<\/p>\n<p>Para o secret\u00e1rio Especial de Agricultura Familiar, Mohamad Abdallah, a 2\u00aa FESTAF \u201cmostrou tudo o que \u00e9 produzido nos assentamento e levou informa\u00e7\u00e3o e conhecimento \u00e0s fam\u00edlias assentadas, estimulando a agricultura familiar em todo o munic\u00edpio de Corumb\u00e1\u201d, avaliou.<\/p>\n<p>&nbsp;<\/p>\n<p>Al\u00e9m da exposi\u00e7\u00e3o e comercializa\u00e7\u00e3o da produ\u00e7\u00e3o, a 2\u00aa FESTAF levou informa\u00e7\u00f5es para as fam\u00edlias de agricultores familiares dos assentamentos rurais de Corumb\u00e1. O dia foi repleto de palestras, apresenta\u00e7\u00f5es e exposi\u00e7\u00f5es de produtos da agricultura familiar. A Funda\u00e7\u00e3o de Turismo apresentou o tema \u201cImport\u00e2ncia da Produ\u00e7\u00e3o Artesanal de Alimentos Tradicionais para o Turismo\u201d. A Rede Feminina de Combate ao C\u00e2ncer promoveu um bate-papo sobre \u201cMitos e Verdades Sobre o c\u00e2ncer\u201d, com a media\u00e7\u00e3o do m\u00e9dico Ant\u00f4nio Godoy da UNACON.<\/p>\n<p>&nbsp;<\/p>\n<p>A EMBRAPA\/Pantanal apresentou a palestra com o tema \u201cBiofortificados\u201d. Integrantes do Projeto Rondon levaram a\u00e7\u00f5es que destacaram as potencialidades tur\u00edsticas e produ\u00e7\u00e3o sustent\u00e1vel. Houve ainda participa\u00e7\u00f5es do Grupo Votorantim com a PVE (Parceria Votorantim pela Educa\u00e7\u00e3o) e Pol\u00edcia Militar Ambiental e Agraer. Tamb\u00e9m foram oferecidos diversos servi\u00e7os por meio da Secretaria Municipal de Sa\u00fade, Funda\u00e7\u00e3o do Meio Ambiente, PROCON e Secretaria Especial de Cidadania e Direitos Humanos que fez p Cadastro do ID Jovem, Oficina de Grafitagem, oficina de Penteado Afro e diversas outras a\u00e7\u00f5es.<\/p>\n","protected":false},"excerpt":{"rendered":"<p>O prefeito Marcelo Iunes participou da 2\u00aa Festa da Agricultura Familiar (2\u00aa FESTAF) realizada na&#8230;<\/p>\n","protected":false},"author":1,"featured_media":19947,"comment_status":"closed","ping_status":"closed","sticky":false,"template":"","format":"standard","meta":{"footnotes":""},"categories":[2,8],"tags":[],"class_list":["post-19940","post","type-post","status-publish","format-standard","has-post-thumbnail","hentry","category-agropecuaria","category-destaque"],"_links":{"self":[{"href":"https:\/\/www.corumbaonline.com.br\/news\/wp-json\/wp\/v2\/posts\/19940","targetHints":{"allow":["GET"]}}],"collection":[{"href":"https:\/\/www.corumbaonline.com.br\/news\/wp-json\/wp\/v2\/posts"}],"about":[{"href":"https:\/\/www.corumbaonline.com.br\/news\/wp-json\/wp\/v2\/types\/post"}],"author":[{"embeddable":true,"href":"https:\/\/www.corumbaonline.com.br\/news\/wp-json\/wp\/v2\/users\/1"}],"replies":[{"embeddable":true,"href":"https:\/\/www.corumbaonline.com.br\/news\/wp-json\/wp\/v2\/comments?post=19940"}],"version-history":[{"count":1,"href":"https:\/\/www.corumbaonline.com.br\/news\/wp-json\/wp\/v2\/posts\/19940\/revisions"}],"predecessor-version":[{"id":19941,"href":"https:\/\/www.corumbaonline.com.br\/news\/wp-json\/wp\/v2\/posts\/19940\/revisions\/19941"}],"wp:featuredmedia":[{"embeddable":true,"href":"https:\/\/www.corumbaonline.com.br\/news\/wp-json\/wp\/v2\/media\/19947"}],"wp:attachment":[{"href":"https:\/\/www.corumbaonline.com.br\/news\/wp-json\/wp\/v2\/media?parent=19940"}],"wp:term":[{"taxonomy":"category","embeddable":true,"href":"https:\/\/www.corumbaonline.com.br\/news\/wp-json\/wp\/v2\/categories?post=19940"},{"taxonomy":"post_tag","embeddable":true,"href":"https:\/\/www.corumbaonline.com.br\/news\/wp-json\/wp\/v2\/tags?post=19940"}],"curies":[{"name":"wp","href":"https:\/\/api.w.org\/{rel}","templated":true}]}}