{"id":19961,"date":"2018-07-17T09:33:20","date_gmt":"2018-07-17T13:33:20","guid":{"rendered":"http:\/\/www.corumbaonline.com.br\/news\/?p=19961"},"modified":"2018-07-17T11:02:35","modified_gmt":"2018-07-17T15:02:35","slug":"calendario-para-solicitacao-de-passe-estudantil-no-2-semestre-segue-aberto","status":"publish","type":"post","link":"https:\/\/www.corumbaonline.com.br\/news\/calendario-para-solicitacao-de-passe-estudantil-no-2-semestre-segue-aberto\/","title":{"rendered":"Calend\u00e1rio para solicita\u00e7\u00e3o de passe estudantil no 2\u00b0 semestre segue aberto"},"content":{"rendered":"<p>Seguindo o que estabelecem a lei municipal n\u00b0 2.039\/2018 e o decreto municipal n\u00b0 976\/2011 sobre o fornecimento do passe do estudante aos alunos da rede p\u00fablica de Ensino, a Prefeitura de Corumb\u00e1, por meio da Ag\u00eancia Municipal de Tr\u00e2nsito e Transporte (Agetrat), \u00a0divulgou, no dia 09 de julho,\u00a0o calend\u00e1rio para a solicita\u00e7\u00e3o do beneficio para o segundo semestre de 2018. Os interessados devem confirmar a necessidade do passe no per\u00edodo que vai de 09 a 27 de julho.<\/p>\n<p>&nbsp;<\/p>\n<p>Os benefici\u00e1rios dever\u00e3o atender aos requisitos m\u00ednimos para obter o benef\u00edcio, como a dist\u00e2ncia m\u00ednima entre a casa do aluno e a unidade escolar em que tiver matriculado. Para os estudantes do per\u00edodo diurno, a dist\u00e2ncia m\u00ednima deve ser de 2 mil metros. J\u00e1 para quem estuda em per\u00edodo noturno deve ser de mil metros.<strong>\u00a0<\/strong><\/p>\n<p>&nbsp;<\/p>\n<p>O prazo final de recebimento dos documentos ser\u00e1 at\u00e9 o dia 20 de setembro de 2018. Mas, os alunos que atenderem aos prazos iniciais do calend\u00e1rio receber\u00e3o os cart\u00f5es primeiros. Confira abaixo o calend\u00e1rio.<\/p>\n<p>&nbsp;<\/p>\n<table border=\"1\" cellspacing=\"0\" cellpadding=\"0\">\n<tbody>\n<tr>\n<td valign=\"top\" width=\"149\">Data<\/td>\n<td valign=\"top\" width=\"454\">Discrimina\u00e7\u00e3o<\/td>\n<\/tr>\n<tr>\n<td valign=\"top\" width=\"149\">09\/07\/2018<\/p>\n<p>a 27\/07\/2018<\/td>\n<td valign=\"top\" width=\"454\">\n<ul>\n<li><strong>Confirmar a necessidade de estudante junto \u00e0 secretaria da Escola<\/strong>, munido de c\u00f3pias do documento que comprove resid\u00eancia, prefer\u00eancia luz (Energisa), contenha o CEP, certid\u00e3o de nascimento ou RG, junto a Secretaria da Escola ou Institui\u00e7\u00e3o.<\/li>\n<li><strong>A Escola de posse dos documentos dever\u00e1 encaminhar para a Ag\u00eancia de Tr\u00e2nsito<\/strong>\u00a0com o atestado de matricula.<\/li>\n<li>Lembrando que o comprovante de resid\u00eancia dever\u00e1 estar no nome dos respons\u00e1veis pelo aluno, em nome de terceiros ser\u00e1 aceito mediante declara\u00e7\u00e3o de resid\u00eancia anexo a conta de (luz, Energisa), modelo anexo.<\/li>\n<\/ul>\n<\/td>\n<\/tr>\n<tr>\n<td valign=\"top\" width=\"149\">01\/08\/2018 a 14\/08\/2018<\/td>\n<td valign=\"top\" width=\"454\">\n<ul>\n<li>Cadastramento das solicita\u00e7\u00f5es, an\u00e1lise da documenta\u00e7\u00e3o para aprova\u00e7\u00e3o junto a AGETRAT.<\/li>\n<\/ul>\n<\/td>\n<\/tr>\n<tr>\n<td valign=\"top\" width=\"149\">15\/08\/2018 a<\/p>\n<p>17\/08\/2018<\/td>\n<td valign=\"top\" width=\"454\">\n<ul>\n<li>Encaminhamento das solicita\u00e7\u00f5es dos alunos beneficiados \u00e0 Empresa de Transporte.<\/li>\n<\/ul>\n<\/td>\n<\/tr>\n<tr>\n<td valign=\"top\" width=\"149\">20\/08\/2018 a<\/p>\n<p>06\/09\/2018<\/td>\n<td valign=\"top\" width=\"454\">\n<ul>\n<li>O Cadastramento da imagem digital e do cart\u00e3o eletr\u00f4nico junto \u00e0 empresa de Transporte Coletivo com os cr\u00e9ditos para o transporte.<\/li>\n<\/ul>\n<\/td>\n<\/tr>\n<\/tbody>\n<\/table>\n","protected":false},"excerpt":{"rendered":"<p>Seguindo o que estabelecem a lei municipal n\u00b0 2.039\/2018 e o decreto municipal n\u00b0 976\/2011&#8230;<\/p>\n","protected":false},"author":1,"featured_media":0,"comment_status":"closed","ping_status":"closed","sticky":false,"template":"","format":"standard","meta":{"footnotes":""},"categories":[14],"tags":[],"class_list":["post-19961","post","type-post","status-publish","format-standard","hentry","category-geral"],"_links":{"self":[{"href":"https:\/\/www.corumbaonline.com.br\/news\/wp-json\/wp\/v2\/posts\/19961","targetHints":{"allow":["GET"]}}],"collection":[{"href":"https:\/\/www.corumbaonline.com.br\/news\/wp-json\/wp\/v2\/posts"}],"about":[{"href":"https:\/\/www.corumbaonline.com.br\/news\/wp-json\/wp\/v2\/types\/post"}],"author":[{"embeddable":true,"href":"https:\/\/www.corumbaonline.com.br\/news\/wp-json\/wp\/v2\/users\/1"}],"replies":[{"embeddable":true,"href":"https:\/\/www.corumbaonline.com.br\/news\/wp-json\/wp\/v2\/comments?post=19961"}],"version-history":[{"count":1,"href":"https:\/\/www.corumbaonline.com.br\/news\/wp-json\/wp\/v2\/posts\/19961\/revisions"}],"predecessor-version":[{"id":19962,"href":"https:\/\/www.corumbaonline.com.br\/news\/wp-json\/wp\/v2\/posts\/19961\/revisions\/19962"}],"wp:attachment":[{"href":"https:\/\/www.corumbaonline.com.br\/news\/wp-json\/wp\/v2\/media?parent=19961"}],"wp:term":[{"taxonomy":"category","embeddable":true,"href":"https:\/\/www.corumbaonline.com.br\/news\/wp-json\/wp\/v2\/categories?post=19961"},{"taxonomy":"post_tag","embeddable":true,"href":"https:\/\/www.corumbaonline.com.br\/news\/wp-json\/wp\/v2\/tags?post=19961"}],"curies":[{"name":"wp","href":"https:\/\/api.w.org\/{rel}","templated":true}]}}