{"id":19968,"date":"2018-07-17T11:02:55","date_gmt":"2018-07-17T15:02:55","guid":{"rendered":"http:\/\/www.corumbaonline.com.br\/news\/?p=19968"},"modified":"2018-07-17T11:43:42","modified_gmt":"2018-07-17T15:43:42","slug":"escola-senai-da-construcao-inicia-dois-cursos-gratuitos-para-soldados-do-exercito","status":"publish","type":"post","link":"https:\/\/www.corumbaonline.com.br\/news\/escola-senai-da-construcao-inicia-dois-cursos-gratuitos-para-soldados-do-exercito\/","title":{"rendered":"Escola Senai da Constru\u00e7\u00e3o inicia dois cursos gratuitos para soldados do Ex\u00e9rcito"},"content":{"rendered":"<p class=\"x_MsoNormal\">Como parte do projeto Soldado Cidad\u00e3o, uma parceria entre o Senai Nacional e o Minist\u00e9rio da Defesa para garantir a qualifica\u00e7\u00e3o profissional gratuita a jovens que ingressam na carreira militar, a Escola Senai da Constru\u00e7\u00e3o iniciou, nesta segunda-feira (16), os cursos gratuitos de pedreiro de alvenaria e pedreiro de revestimento para um grupo com 40 soldados do 20\u00ba RCB (Regimento de Cavalaria Blindado) e do 3\u00ba BAvEx (Batalh\u00e3o de Avia\u00e7\u00e3o do Ex\u00e9rcito).<\/p>\n<p class=\"x_MsoNormal\">\n<p class=\"x_MsoNormal\">Segundo o gerente da Escola Senai da Constru\u00e7\u00e3o, Roger Benites, esses dois cursos foram alinhados com o CMO (Comando Militar do Oeste). \u201cA expectativa em rela\u00e7\u00e3o a esses dois cursos \u00e9 a forma\u00e7\u00e3o desses jovens para facilitar a inser\u00e7\u00e3o deles no mercado de trabalho. N\u00f3s acreditamos que a qualifica\u00e7\u00e3o profissional vai contribuir para a transforma\u00e7\u00e3o da vida deles\u201d, declarou.<\/p>\n<p class=\"x_MsoNormal\">\n<p class=\"x_MsoNormal\">Ele completa que \u00e9 importante salientar que essa forma\u00e7\u00e3o profissional vem ao encontro com as necessidades da ind\u00fastria por m\u00e3o de obra qualificada. \u201cEsses jovens t\u00eam demonstrado grande interesse por atuarem no segmento da ind\u00fastria da constru\u00e7\u00e3o civil, iniciando uma carreira promissora. Nesse sentido, o Senai busca fazer o seu trabalho de atender \u00e0s demandas das empresas\u201d, refor\u00e7ou.<\/p>\n<p class=\"x_MsoNormal\">\n<p class=\"x_MsoNormal\">Para o coronel do Ex\u00e9rcito Jos\u00e9 Roberto de Mello Queiroz, do CMO, a parceria com o Senai \u00e9 importante, n\u00e3o apenas por capacitar os militares que est\u00e3o desenvolvendo diversas fun\u00e7\u00f5es no servi\u00e7o militar, mas para preparar esses jovens para retornar ao mercado de trabalho capacitado e com experi\u00eancia. \u201cO projeto Soldado Cidad\u00e3o tem como objetivo oferecer aos jovens incorporados \u00e0s For\u00e7as Armadas oportunidades de forma\u00e7\u00e3o complementar durante o servi\u00e7o militar para que, ap\u00f3s o per\u00edodo obrigat\u00f3rio, consigam ingressar no mercado de trabalho\u201d, detalhou.<\/p>\n<p class=\"x_MsoNormal\">\n<p class=\"x_MsoNormal\">O projeto Soldado Cidad\u00e3o funciona desde 2004 e abrange todo o territ\u00f3rio nacional na capacita\u00e7\u00e3o dos jovens que est\u00e3o deixando a farda para retornar \u00e0 vida civil. Quase 200 mil jovens j\u00e1 foram beneficiados pelo projeto, segundo o Minist\u00e9rio da Defesa, que oferece cursos em conformidade com a demanda do mercado de trabalho regional.<\/p>\n<p class=\"x_MsoNormal\">\n<p class=\"x_MsoNormal\">Na avalia\u00e7\u00e3o do soldado do Ex\u00e9rcito Eder Silva In\u00e1cio, do 20\u00ba RCB, a expectativa \u00e9 adquirir conhecimentos. \u201cAp\u00f3s encerrar o servi\u00e7o militar, pretendo correr atr\u00e1s de mais oportunidades no mercado de trabalho, que hoje em dia est\u00e1 muito competitivo. \u00c9 a primeira vez que fa\u00e7o curso no Senai e fiquei admirado com a estrutura oferecida aqui. Considero essa profiss\u00e3o muito digna e quero adquirir conhecimentos para, talvez, l\u00e1 no futuro, trabalhar na \u00e1rea\u201d, disse.<\/p>\n<p class=\"x_MsoNormal\">\n<p class=\"x_MsoNormal\">J\u00e1 o soldado do Ex\u00e9rcito Felipe Oliveira dos Santos, do 3\u00ba BAvEx, revela ter feito h\u00e1 muito tempo o curso de bombeiro hidr\u00e1ulico oferecido pelo Senai. \u201cMinhas expectativas s\u00e3o aprender mais sobre revestimento, me aprimorar, para futuramente usar em minha casa ou como uma forma de renda. O Senai \u00e9 uma excelente institui\u00e7\u00e3o de ensino e os profissionais s\u00e3o altamente qualificados. A gente sai daqui com uma boa forma\u00e7\u00e3o, realmente entendendo o assunto\u201d, garantiu.<\/p>\n","protected":false},"excerpt":{"rendered":"<p>Como parte do projeto Soldado Cidad\u00e3o, uma parceria entre o Senai Nacional e o Minist\u00e9rio&#8230;<\/p>\n","protected":false},"author":1,"featured_media":19969,"comment_status":"closed","ping_status":"closed","sticky":false,"template":"","format":"standard","meta":{"footnotes":""},"categories":[14],"tags":[],"class_list":["post-19968","post","type-post","status-publish","format-standard","has-post-thumbnail","hentry","category-geral"],"_links":{"self":[{"href":"https:\/\/www.corumbaonline.com.br\/news\/wp-json\/wp\/v2\/posts\/19968","targetHints":{"allow":["GET"]}}],"collection":[{"href":"https:\/\/www.corumbaonline.com.br\/news\/wp-json\/wp\/v2\/posts"}],"about":[{"href":"https:\/\/www.corumbaonline.com.br\/news\/wp-json\/wp\/v2\/types\/post"}],"author":[{"embeddable":true,"href":"https:\/\/www.corumbaonline.com.br\/news\/wp-json\/wp\/v2\/users\/1"}],"replies":[{"embeddable":true,"href":"https:\/\/www.corumbaonline.com.br\/news\/wp-json\/wp\/v2\/comments?post=19968"}],"version-history":[{"count":1,"href":"https:\/\/www.corumbaonline.com.br\/news\/wp-json\/wp\/v2\/posts\/19968\/revisions"}],"predecessor-version":[{"id":19970,"href":"https:\/\/www.corumbaonline.com.br\/news\/wp-json\/wp\/v2\/posts\/19968\/revisions\/19970"}],"wp:featuredmedia":[{"embeddable":true,"href":"https:\/\/www.corumbaonline.com.br\/news\/wp-json\/wp\/v2\/media\/19969"}],"wp:attachment":[{"href":"https:\/\/www.corumbaonline.com.br\/news\/wp-json\/wp\/v2\/media?parent=19968"}],"wp:term":[{"taxonomy":"category","embeddable":true,"href":"https:\/\/www.corumbaonline.com.br\/news\/wp-json\/wp\/v2\/categories?post=19968"},{"taxonomy":"post_tag","embeddable":true,"href":"https:\/\/www.corumbaonline.com.br\/news\/wp-json\/wp\/v2\/tags?post=19968"}],"curies":[{"name":"wp","href":"https:\/\/api.w.org\/{rel}","templated":true}]}}