{"id":19975,"date":"2018-07-17T11:48:55","date_gmt":"2018-07-17T15:48:55","guid":{"rendered":"http:\/\/www.corumbaonline.com.br\/news\/?p=19975"},"modified":"2018-07-17T11:58:13","modified_gmt":"2018-07-17T15:58:13","slug":"ifms-divulga-resultado-da-selecao-para-vagas-na-graduacao","status":"publish","type":"post","link":"https:\/\/www.corumbaonline.com.br\/news\/ifms-divulga-resultado-da-selecao-para-vagas-na-graduacao\/","title":{"rendered":"IFMS divulga resultado da sele\u00e7\u00e3o para vagas na gradua\u00e7\u00e3o"},"content":{"rendered":"<p>\u200bO Instituto Federal de Mato Grosso do Sul (IFMS) publicou nesta segunda-feira, 16, o resultado preliminar do processo seletivo para 71 vagas remanescentes em cursos de gradua\u00e7\u00e3o, com ingresso previsto para o segundo semestre deste ano. O documento est\u00e1 dispon\u00edvel na Central de Sele\u00e7\u00e3o. O endere\u00e7o \u00e9\u00a0<a href=\"http:\/\/www.ifms.edu.br\/centraldeselecao\" target=\"_blank\" rel=\"noopener noreferrer\">www.ifms.edu.br\/centraldeselecao<\/a>.<\/p>\n<div><\/div>\n<div>A oferta de vagas \u00e9 para os cursos superiores de Tecnologia em Sistemas para Internet, em Campo Grande, An\u00e1lise e Desenvolvimento de Sistemas, em Corumb\u00e1, e Gest\u00e3o do Agroneg\u00f3cio, em Ponta Por\u00e3.<\/div>\n<div><\/div>\n<div>A sele\u00e7\u00e3o foi feita com base na nota total mais alta alcan\u00e7ada pelo candidato nas edi\u00e7\u00f5es de 2015, 2016 e 2017 do Enem.<\/div>\n<div><\/div>\n<div><b>Matr\u00edcula &#8211;\u00a0<\/b>Na pr\u00f3xima quinta-feira, 19, o IFMS publica o resultado final do processo seletivo. Nesta mesma data, todos os candidatos convocados ou classificados na lista de espera devem comparecer ao campus para o qual concorrem \u00e0 vaga, para manifestar interesse ou efetuar a matr\u00edcula, respeitando o limite de vagas n\u00e3o ocupadas, as cotas e a ordem de classifica\u00e7\u00e3o.<\/div>\n<div><\/div>\n<div>A manifesta\u00e7\u00e3o de interesse e\/ou a matr\u00edcula poder\u00e3o ser efetuadas por um procurador mediante apresenta\u00e7\u00e3o de procura\u00e7\u00e3o espec\u00edfica para estas finalidades, com firma reconhecida do candidato, que ficar\u00e1 anexada ao Requerimento de Matr\u00edcula do candidato.<\/div>\n<div><\/div>\n<div>Para efetuar matr\u00edcula, o candidato deve apresentar os seguintes documentos:<\/div>\n<div><\/div>\n<div>O candidato deve apresentar originais e c\u00f3pias dos seguintes documentos:<\/div>\n<div>&#8211; certid\u00e3o de nascimento ou casamento;<\/div>\n<div>&#8211; RG ou outro documento oficial de identifica\u00e7\u00e3o com foto;<\/div>\n<div>&#8211; CPF, caso n\u00e3o conste no documento oficial de identifica\u00e7\u00e3o;<\/div>\n<div>&#8211; documento que comprove estar em dia com as obriga\u00e7\u00f5es eleitorais (maiores de 18 anos);<\/div>\n<div>&#8211; documento que comprove estar em dia com o Servi\u00e7o Militar (homens com mais de 18 anos).<\/div>\n<div><\/div>\n<div>O convocado tamb\u00e9m deve apresentar uma foto 3&#215;4 recente, al\u00e9m do requerimento de matr\u00edcula preenchido e assinado e do comprovante de preenchimento do question\u00e1rio socioecon\u00f4mico.<\/div>\n<div><\/div>\n<div>Caso o candidato seja residente e domiciliado em munic\u00edpio diferente daquele da \u00e1rea de abrang\u00eancia do campus para o qual concorre \u00e0 vaga, \u00e9 poss\u00edvel enviar sua manifesta\u00e7\u00e3o de interesse via e-mail.<\/div>\n<div><\/div>\n<div>Para isso, o candidato deve preencher e assinar o Formul\u00e1rio de Manifesta\u00e7\u00e3o de Interesse do Candidato, dispon\u00edvel no Anexo VII do Edital n\u00ba 042\/2018, e envi\u00e1-lo para o endere\u00e7o de e-mail da Central de Relacionamento do campus para o qual concorre \u00e0 vaga: Campus Campo Grande (<a href=\"mailto:cerel.cg@ifms.edu.br\">cerel.cg@ifms.edu.br<\/a>), Campus Corumb\u00e1 (<a href=\"mailto:cerel.cb@ifms.edu.br\">cerel.cb@ifms.edu.br<\/a>) e Campus Ponta Por\u00e3 (<a href=\"mailto:cerel.pp@ifms.edu.br\">cerel.pp@ifms.edu.br<\/a>).<\/div>\n<div><\/div>\n<div>Estes candidatos ter\u00e3o at\u00e9 as 18 horas do dia 19 de julho para enviar o e-mail conforme previsto no edital.<\/div>\n<div><\/div>\n<div>Caso ainda existam vagas ao final do per\u00edodo de matr\u00edculas, o IFMS deve realizar, a partir de 23\u00a0de julho, novas convoca\u00e7\u00f5es a partir da lista de classifica\u00e7\u00e3o deste processo seletivo.<\/div>\n","protected":false},"excerpt":{"rendered":"<p>\u200bO Instituto Federal de Mato Grosso do Sul (IFMS) publicou nesta segunda-feira, 16, o resultado&#8230;<\/p>\n","protected":false},"author":1,"featured_media":0,"comment_status":"closed","ping_status":"closed","sticky":false,"template":"","format":"standard","meta":{"footnotes":""},"categories":[10],"tags":[],"class_list":["post-19975","post","type-post","status-publish","format-standard","hentry","category-educacao"],"_links":{"self":[{"href":"https:\/\/www.corumbaonline.com.br\/news\/wp-json\/wp\/v2\/posts\/19975","targetHints":{"allow":["GET"]}}],"collection":[{"href":"https:\/\/www.corumbaonline.com.br\/news\/wp-json\/wp\/v2\/posts"}],"about":[{"href":"https:\/\/www.corumbaonline.com.br\/news\/wp-json\/wp\/v2\/types\/post"}],"author":[{"embeddable":true,"href":"https:\/\/www.corumbaonline.com.br\/news\/wp-json\/wp\/v2\/users\/1"}],"replies":[{"embeddable":true,"href":"https:\/\/www.corumbaonline.com.br\/news\/wp-json\/wp\/v2\/comments?post=19975"}],"version-history":[{"count":1,"href":"https:\/\/www.corumbaonline.com.br\/news\/wp-json\/wp\/v2\/posts\/19975\/revisions"}],"predecessor-version":[{"id":19976,"href":"https:\/\/www.corumbaonline.com.br\/news\/wp-json\/wp\/v2\/posts\/19975\/revisions\/19976"}],"wp:attachment":[{"href":"https:\/\/www.corumbaonline.com.br\/news\/wp-json\/wp\/v2\/media?parent=19975"}],"wp:term":[{"taxonomy":"category","embeddable":true,"href":"https:\/\/www.corumbaonline.com.br\/news\/wp-json\/wp\/v2\/categories?post=19975"},{"taxonomy":"post_tag","embeddable":true,"href":"https:\/\/www.corumbaonline.com.br\/news\/wp-json\/wp\/v2\/tags?post=19975"}],"curies":[{"name":"wp","href":"https:\/\/api.w.org\/{rel}","templated":true}]}}