{"id":19997,"date":"2018-07-17T17:31:55","date_gmt":"2018-07-17T21:31:55","guid":{"rendered":"http:\/\/www.corumbaonline.com.br\/news\/?p=19997"},"modified":"2018-07-17T17:31:55","modified_gmt":"2018-07-17T21:31:55","slug":"por-enquanto-converso-com-todo-mundo-diz-delcidio-apos-encontro-com-puccinelli","status":"publish","type":"post","link":"https:\/\/www.corumbaonline.com.br\/news\/por-enquanto-converso-com-todo-mundo-diz-delcidio-apos-encontro-com-puccinelli\/","title":{"rendered":"\u2018Por enquanto converso com todo mundo\u2019, diz Delc\u00eddio ap\u00f3s encontro com Puccinelli"},"content":{"rendered":"<p>Enquanto estuda conseguir aval da Justi\u00e7a para disputar as elei\u00e7\u00f5es deste ano, o ex-senador Delc\u00eddio do Amaral (PTC) afirma que mant\u00e9m conversas sobre alian\u00e7as partid\u00e1rias \u201ccom todo mundo\u201d. Foto em que ele aparece ao lado do ex-governador Andr\u00e9 Puccinelli (MDB) n\u00e3o indicaria, pelo menos at\u00e9 o momento, uma defini\u00e7\u00e3o sobre composi\u00e7\u00e3o com os emedebistas.<\/p>\n<p>Absolvido na semana passada da acusa\u00e7\u00e3o de obstruir a Justi\u00e7a, o ex-senador afirma que tem concentrado esfor\u00e7os em garantir que poder\u00e1 concorrer nas urnas. \u201cOs advogados est\u00e3o estudando todas as medidas cab\u00edveis e estou aguardando um sinal deles\u201d, disse ao\u00a0Jornal Midiamax.<\/p>\n<p>Apesar disso, foto publicada nas redes sociais, revelou reuni\u00e3o entre Delc\u00eddio, Puccinelli e o presidente regional do PTC, C\u00e9zar Gazolla. O encontro, no entanto, n\u00e3o teria representado, segundo o que diz Delc\u00eddio, uma uni\u00e3o entre ele e o ex-governador Puccinelli.<\/p>\n<p>\u201cEu converso com todo mundo, sempre conversei, o que vai definir s\u00e3o as conven\u00e7\u00f5es que acontecem em agosto. N\u00e3o fiz nenhuma an\u00e1lise nesse sentido, mas vou come\u00e7ar a fazer uma avalia\u00e7\u00e3o mais aprofundada do cen\u00e1rio\u201d, afirma.<\/p>\n<p>Mais cedo,Gazolla afirmou ao Jornal Midiamax que aguarda conversas com o PDT e o PSDB para definir sobre alian\u00e7as, mas admitiu que no momento h\u00e1 um \u201calinhamento favor\u00e1vel\u201d com o MDB.<\/p>\n<p>Delc\u00eddio afirma, por outro lado, que s\u00f3 analisar\u00e1 as possibilidades de composi\u00e7\u00f5es de chapas no fim desta semana, quando terminar de decidir sobre a\u00e7\u00f5es judiciais para reverter a inelegibilidade. \u201cAgora temos que ter muita calma, serenidade, equil\u00edbrio, humildade, n\u00e3o tem que precipitar nada n\u00e3o. Quem entende o sentido da vida n\u00e3o se apressa\u201d, completa.<\/p>\n","protected":false},"excerpt":{"rendered":"<p>Enquanto estuda conseguir aval da Justi\u00e7a para disputar as elei\u00e7\u00f5es deste ano, o ex-senador Delc\u00eddio&#8230;<\/p>\n","protected":false},"author":1,"featured_media":0,"comment_status":"closed","ping_status":"closed","sticky":false,"template":"","format":"standard","meta":{"footnotes":""},"categories":[19],"tags":[],"class_list":["post-19997","post","type-post","status-publish","format-standard","hentry","category-politica"],"_links":{"self":[{"href":"https:\/\/www.corumbaonline.com.br\/news\/wp-json\/wp\/v2\/posts\/19997","targetHints":{"allow":["GET"]}}],"collection":[{"href":"https:\/\/www.corumbaonline.com.br\/news\/wp-json\/wp\/v2\/posts"}],"about":[{"href":"https:\/\/www.corumbaonline.com.br\/news\/wp-json\/wp\/v2\/types\/post"}],"author":[{"embeddable":true,"href":"https:\/\/www.corumbaonline.com.br\/news\/wp-json\/wp\/v2\/users\/1"}],"replies":[{"embeddable":true,"href":"https:\/\/www.corumbaonline.com.br\/news\/wp-json\/wp\/v2\/comments?post=19997"}],"version-history":[{"count":1,"href":"https:\/\/www.corumbaonline.com.br\/news\/wp-json\/wp\/v2\/posts\/19997\/revisions"}],"predecessor-version":[{"id":19998,"href":"https:\/\/www.corumbaonline.com.br\/news\/wp-json\/wp\/v2\/posts\/19997\/revisions\/19998"}],"wp:attachment":[{"href":"https:\/\/www.corumbaonline.com.br\/news\/wp-json\/wp\/v2\/media?parent=19997"}],"wp:term":[{"taxonomy":"category","embeddable":true,"href":"https:\/\/www.corumbaonline.com.br\/news\/wp-json\/wp\/v2\/categories?post=19997"},{"taxonomy":"post_tag","embeddable":true,"href":"https:\/\/www.corumbaonline.com.br\/news\/wp-json\/wp\/v2\/tags?post=19997"}],"curies":[{"name":"wp","href":"https:\/\/api.w.org\/{rel}","templated":true}]}}