{"id":20023,"date":"2018-07-18T09:53:59","date_gmt":"2018-07-18T13:53:59","guid":{"rendered":"http:\/\/www.corumbaonline.com.br\/news\/?p=20023"},"modified":"2018-07-18T10:37:43","modified_gmt":"2018-07-18T14:37:43","slug":"recesso-parlamentar-comeca-nesta-quarta-feira-e-vai-ate-31-de-julho","status":"publish","type":"post","link":"https:\/\/www.corumbaonline.com.br\/news\/recesso-parlamentar-comeca-nesta-quarta-feira-e-vai-ate-31-de-julho\/","title":{"rendered":"Recesso parlamentar come\u00e7a nesta quarta-feira e vai at\u00e9 31 de julho"},"content":{"rendered":"<p>O Congresso Nacional deve iniciar o recesso de meio de ano nesta quarta-feira (18). A folga dos parlamentares se estende at\u00e9 31 de julho. Durante o per\u00edodo,\u00a0funcionar\u00e1, em car\u00e1ter de plant\u00e3o, uma Comiss\u00e3o Representativa com sete senadores e 16 deputados.<\/p>\n<p>O presidente da comiss\u00e3o este ano ser\u00e1 o senador Jos\u00e9 Pimentel, do PT cearense. O grupo de parlamentares ter\u00e1, entre seus deveres, aprovar\u00a0cr\u00e9ditos pedidos pelo governo\u00a0e fiscalizar atos do Executivo.<\/p>\n<p>Para haver o recesso, \u00e9 necess\u00e1rio que o Congresso\u00a0aprove a LDO (Lei de Diretrizes Or\u00e7ament\u00e1rias), o que ocorreu na \u00faltima quinta-feira.\u00a0A principal mudan\u00e7a da LDO foi a retirada do substitutivo que proibia a concess\u00e3o de reajustes a servidores e a cria\u00e7\u00e3o de novos cargos na administra\u00e7\u00e3o p\u00fablica.<\/p>\n<p>Segundo informa\u00e7\u00f5es do Senado, os parlamentares ficam em recesso por cerca de 50 dias ao ano. At\u00e9 2006, congressistas tinham direito a 90 dias de recesso e sal\u00e1rio em dobro caso houvesse convoca\u00e7\u00e3o extraordin\u00e1ria. Mas uma emenda constitucional reduziu o n\u00famero de dias de folga para, no m\u00e1ximo, 55 dias.<\/p>\n","protected":false},"excerpt":{"rendered":"<p>O Congresso Nacional deve iniciar o recesso de meio de ano nesta quarta-feira (18). A&#8230;<\/p>\n","protected":false},"author":1,"featured_media":0,"comment_status":"closed","ping_status":"closed","sticky":false,"template":"","format":"standard","meta":{"footnotes":""},"categories":[19],"tags":[],"class_list":["post-20023","post","type-post","status-publish","format-standard","hentry","category-politica"],"_links":{"self":[{"href":"https:\/\/www.corumbaonline.com.br\/news\/wp-json\/wp\/v2\/posts\/20023","targetHints":{"allow":["GET"]}}],"collection":[{"href":"https:\/\/www.corumbaonline.com.br\/news\/wp-json\/wp\/v2\/posts"}],"about":[{"href":"https:\/\/www.corumbaonline.com.br\/news\/wp-json\/wp\/v2\/types\/post"}],"author":[{"embeddable":true,"href":"https:\/\/www.corumbaonline.com.br\/news\/wp-json\/wp\/v2\/users\/1"}],"replies":[{"embeddable":true,"href":"https:\/\/www.corumbaonline.com.br\/news\/wp-json\/wp\/v2\/comments?post=20023"}],"version-history":[{"count":1,"href":"https:\/\/www.corumbaonline.com.br\/news\/wp-json\/wp\/v2\/posts\/20023\/revisions"}],"predecessor-version":[{"id":20024,"href":"https:\/\/www.corumbaonline.com.br\/news\/wp-json\/wp\/v2\/posts\/20023\/revisions\/20024"}],"wp:attachment":[{"href":"https:\/\/www.corumbaonline.com.br\/news\/wp-json\/wp\/v2\/media?parent=20023"}],"wp:term":[{"taxonomy":"category","embeddable":true,"href":"https:\/\/www.corumbaonline.com.br\/news\/wp-json\/wp\/v2\/categories?post=20023"},{"taxonomy":"post_tag","embeddable":true,"href":"https:\/\/www.corumbaonline.com.br\/news\/wp-json\/wp\/v2\/tags?post=20023"}],"curies":[{"name":"wp","href":"https:\/\/api.w.org\/{rel}","templated":true}]}}