{"id":20033,"date":"2018-07-18T10:37:31","date_gmt":"2018-07-18T14:37:31","guid":{"rendered":"http:\/\/www.corumbaonline.com.br\/news\/?p=20033"},"modified":"2018-07-18T10:48:47","modified_gmt":"2018-07-18T14:48:47","slug":"ifms-inscricoes-para-curso-de-especializacao-em-docencia-encerram-no-domingo","status":"publish","type":"post","link":"https:\/\/www.corumbaonline.com.br\/news\/ifms-inscricoes-para-curso-de-especializacao-em-docencia-encerram-no-domingo\/","title":{"rendered":"IFMS: Inscri\u00e7\u00f5es para curso de especializa\u00e7\u00e3o em Doc\u00eancia encerram no domingo"},"content":{"rendered":"<p>O Instituto Federal de Mato Grosso do Sul (IFMS) est\u00e1 com inscri\u00e7\u00f5es abertas na sele\u00e7\u00e3o para o curso de especializa\u00e7\u00e3o\u00a0<em>lato sensu<\/em>\u00a0em Doc\u00eancia para a Educa\u00e7\u00e3o Profissional, Cient\u00edfica e Tecnol\u00f3gica, com ingresso previsto para o segundo semestre deste ano.<\/p>\n<p>A oferta \u00e9 de 155 vagas nos campi Corumb\u00e1, Dourados, Jardim e Ponta Por\u00e3. Metade delas \u00e9 reservada a servidores da institui\u00e7\u00e3o. As demais s\u00e3o para o p\u00fablico externo.<\/p>\n<p>S\u00e3o duas etapas de inscri\u00e7\u00e3o. At\u00e9 domingo, 22, o interessado deve se inscrever por meio da\u00a0<a class=\"external-link\" title=\"\" href=\"http:\/\/selecao.ifms.edu.br\/login\" target=\"_blank\" rel=\"noopener noreferrer\">P\u00e1gina do Candidato<\/a>\u00a0da Central de Sele\u00e7\u00e3o.<\/p>\n<p>Posteriormente, \u00e9 necess\u00e1rio confirmar a inscri\u00e7\u00e3o pessoalmente na Central de Relacionamento (Cerel) do campus em que concorre a vaga, conforme endere\u00e7os e hor\u00e1rios dispon\u00edveis na tabela abaixo.\u00a0Para isso, deve apresentar o comprovante de inscri\u00e7\u00e3o, gerado por meio da P\u00e1gina do Candidato, e um documento de identifica\u00e7\u00e3o com foto. O prazo da confirma\u00e7\u00e3o vai at\u00e9 o pr\u00f3ximo dia 23.<\/p>\n<p>O Edital n\u00ba 049\/2018, com as normas do processo seletivo, est\u00e1 publicado na\u00a0<a class=\"external-link\" title=\"\" href=\"http:\/\/selecao.ifms.edu.br\/perfil\/outras\/especializacao-em-docencia-para-a-educacao-profissional-cientifica-e-tecnologica-edital-049-2018\" target=\"_blank\" rel=\"noopener noreferrer\">Central de Sele\u00e7\u00e3o<\/a>.<\/p>\n<p><strong>Sele\u00e7\u00e3o &#8211;<\/strong>\u00a0Ser\u00e1 feita por meio de sorteio eletr\u00f4nico, que ocorre at\u00e9 2 de agosto. O resultado ser\u00e1 divulgado no dia seguinte. Em caso de n\u00e3o preenchimento das vagas em qualquer categoria, elas poder\u00e3o ser remanejadas, observando a ordem de classifica\u00e7\u00e3o do sorteio.<\/p>\n<p>Os selecionados dever\u00e3o efetuar a matr\u00edcula de 13 a 17 de agosto.<\/p>\n<p><strong>Curso &#8211;<\/strong>\u00a0Destina-se \u00e0 forma\u00e7\u00e3o de professores e\/ou especialistas da Educa\u00e7\u00e3o Profissional, Cient\u00edfica e Tecnol\u00f3gica, sendo desenvolvido em regime modular, com carga hor\u00e1ria de 360 horas, acrescidas de 60 horas de Trabalho de Conclus\u00e3o de Curso (TCC). Os encontros ser\u00e3o presenciais nos campi do IFMS.<\/p>\n<p>A equival\u00eancia \u00e0 licenciatura visa ao exerc\u00edcio de atividade docente na Educa\u00e7\u00e3o Profissional T\u00e9cnica de N\u00edvel M\u00e9dio e se destina a profissionais graduados, n\u00e3o licenciados, j\u00e1 em efetivo exerc\u00edcio da profiss\u00e3o docente nesta \u00e1rea, ou aprovado em concurso p\u00fablico para o exerc\u00edcio de tal fun\u00e7\u00e3o.<\/p>\n<p>A especializa\u00e7\u00e3o tem dura\u00e7\u00e3o de 18 a 24 meses, com in\u00edcio das aulas a partir de 22 de agosto, respeitando o calend\u00e1rio de cada campus.<\/p>\n<p><strong>Vagas ofertadas, atendimento e hor\u00e1rios do curso<\/strong><\/p>\n<table class=\"plain\">\n<tbody>\n<tr>\n<td><strong>Campus<\/strong><\/td>\n<td><strong>Vagas<\/strong><\/td>\n<td><strong>Endere\u00e7o\u00a0<\/strong><\/td>\n<td><strong>Atendimento Cerel<\/strong><\/td>\n<td><strong>Hor\u00e1rio das aulas<\/strong><\/td>\n<\/tr>\n<tr>\n<td>Corumb\u00e1<\/td>\n<td>40<\/td>\n<td>Rua Pedro de Medeiros, s\/n<\/td>\n<td>8h \u00e0s 11h<br \/>\n14h \u00e0s 17h<br \/>\n19h \u00e0s 20h<\/td>\n<td>Quartas e\u00a0quintas-feiras\u00a0(noturno) e\u00a0s\u00e1bados\u00a0(matutino)<\/td>\n<\/tr>\n<tr>\n<td>Dourados<\/td>\n<td>40<\/td>\n<td>Rua Filinto M\u00fcller, 1.790<br \/>\nJardim Cana\u00e3 I<\/td>\n<td>8h \u00e0s 20h<\/td>\n<td>Sextas-feiras\u00a0(noturno) e s\u00e1bados\u00a0(matutino)<\/td>\n<\/tr>\n<tr>\n<td>Jardim<\/td>\n<td>35<\/td>\n<td>Rodovia BR-060, s\/n,\u00a0Fazenda Jardim de S\u00e3o Francisco<\/td>\n<td>13h \u00e0s 17h<\/td>\n<td>Sexta-feiras\u00a0(noturno) e\u00a0s\u00e1bados\u00a0(matutino)<\/td>\n<\/tr>\n<tr>\n<td>Ponta Por\u00e3<\/td>\n<td>40<\/td>\n<td>Rodovia BR-463, km 14, s\/n<\/td>\n<td>14h \u00e0s 17h45<br \/>\n18h45 \u00e0s 21h<\/td>\n<td>Sextas-feiras\u00a0(vespertino) e\u00a0s\u00e1bados\u00a0(matutino)<\/td>\n<\/tr>\n<\/tbody>\n<\/table>\n","protected":false},"excerpt":{"rendered":"<p>O Instituto Federal de Mato Grosso do Sul (IFMS) est\u00e1 com inscri\u00e7\u00f5es abertas na sele\u00e7\u00e3o&#8230;<\/p>\n","protected":false},"author":1,"featured_media":0,"comment_status":"closed","ping_status":"closed","sticky":false,"template":"","format":"standard","meta":{"footnotes":""},"categories":[10],"tags":[],"class_list":["post-20033","post","type-post","status-publish","format-standard","hentry","category-educacao"],"_links":{"self":[{"href":"https:\/\/www.corumbaonline.com.br\/news\/wp-json\/wp\/v2\/posts\/20033","targetHints":{"allow":["GET"]}}],"collection":[{"href":"https:\/\/www.corumbaonline.com.br\/news\/wp-json\/wp\/v2\/posts"}],"about":[{"href":"https:\/\/www.corumbaonline.com.br\/news\/wp-json\/wp\/v2\/types\/post"}],"author":[{"embeddable":true,"href":"https:\/\/www.corumbaonline.com.br\/news\/wp-json\/wp\/v2\/users\/1"}],"replies":[{"embeddable":true,"href":"https:\/\/www.corumbaonline.com.br\/news\/wp-json\/wp\/v2\/comments?post=20033"}],"version-history":[{"count":1,"href":"https:\/\/www.corumbaonline.com.br\/news\/wp-json\/wp\/v2\/posts\/20033\/revisions"}],"predecessor-version":[{"id":20034,"href":"https:\/\/www.corumbaonline.com.br\/news\/wp-json\/wp\/v2\/posts\/20033\/revisions\/20034"}],"wp:attachment":[{"href":"https:\/\/www.corumbaonline.com.br\/news\/wp-json\/wp\/v2\/media?parent=20033"}],"wp:term":[{"taxonomy":"category","embeddable":true,"href":"https:\/\/www.corumbaonline.com.br\/news\/wp-json\/wp\/v2\/categories?post=20033"},{"taxonomy":"post_tag","embeddable":true,"href":"https:\/\/www.corumbaonline.com.br\/news\/wp-json\/wp\/v2\/tags?post=20033"}],"curies":[{"name":"wp","href":"https:\/\/api.w.org\/{rel}","templated":true}]}}