{"id":20040,"date":"2018-07-18T10:52:23","date_gmt":"2018-07-18T14:52:23","guid":{"rendered":"http:\/\/www.corumbaonline.com.br\/news\/?p=20040"},"modified":"2018-07-21T21:56:41","modified_gmt":"2018-07-22T01:56:41","slug":"partido-rejeita-general-heleno-como-vice-de-bolsonaro","status":"publish","type":"post","link":"https:\/\/www.corumbaonline.com.br\/news\/partido-rejeita-general-heleno-como-vice-de-bolsonaro\/","title":{"rendered":"Partido rejeita general Heleno como vice de Bolsonaro"},"content":{"rendered":"<p>O general Augusto Heleno Ribeiro n\u00e3o ser\u00e1 o vice de<strong>\u00a0Jair Bolsonaro<\/strong>\u00a0na disputa pelo Pal\u00e1cio do Planalto. Plano B do deputado ap\u00f3s a recusa do senador Magno Malta (PR-ES), Heleno havia aceitado o convite, mas o PRP \u2013 partido ao qual o general est\u00e1 filiado \u2013 rejeitou a alian\u00e7a com o PSL.<\/p>\n<p>O PSL pretendia firmar o acordo em uma reuni\u00e3o ocorrida na noite desta ter\u00e7a. Mas, na conversa, os representantes do PRP alegaram que j\u00e1 haviam se comprometido com algumas alian\u00e7as regionais e que n\u00e3o haveria viabilidade de consultar os diret\u00f3rios para fechar quest\u00e3o em torno de Bolsonaro.<\/p>\n<p>\u201cO que eles alegaram \u00e9 que n\u00e3o daria tempo de reunir os estados, que tem estados que j\u00e1 est\u00e3o fechados com o governador e gente querendo apoiar outro candidado (\u00e0 Presid\u00eancia)\u201d, disse Bolsonaro a VEJA nesta quarta-feira. Mesmo quando o PSL ofereceu uma alian\u00e7a apenas no plano nacional, com liberdade nos Estados, a resposta foi negativa.\u00a0\u201cTodo mundo ficou chateado. N\u00f3s achamos que seria bom para o PRP\u201d, afirma Bolsonaro.<\/p>\n<p>Um dos estados em que o PRP j\u00e1 fechou alian\u00e7a \u00e9 a Bahia, onde o partido anunciou recentemente seu apoio \u00e0 reelei\u00e7\u00e3o do governador Rui Costa, do PT.<\/p>\n<p>Agora, Bolsonaro tende a escolher algu\u00e9m do pr\u00f3prio PSL para o posto. A advogada Jana\u00edna Paschoal, filiada \u00e0 sigla, tem sido citada por ele como o nome mais prov\u00e1vel depois de Malta e Heleno.\u00a0Com a recusa de PR e PRP, Bolsonaro pode disputar a elei\u00e7\u00e3o com apenas 7 segundos di\u00e1rios de propaganda eleitoral na TV. O deputado ainda guarda esperan\u00e7a de atrair outra sigla para a coliga\u00e7\u00e3o: \u201cAt\u00e9 5 de agosto, tudo pode acontecer\u201d, diz.<\/p>\n","protected":false},"excerpt":{"rendered":"<p>O general Augusto Heleno Ribeiro n\u00e3o ser\u00e1 o vice de\u00a0Jair Bolsonaro\u00a0na disputa pelo Pal\u00e1cio do&#8230;<\/p>\n","protected":false},"author":1,"featured_media":20041,"comment_status":"closed","ping_status":"closed","sticky":false,"template":"","format":"standard","meta":{"footnotes":""},"categories":[101,19],"tags":[],"class_list":["post-20040","post","type-post","status-publish","format-standard","has-post-thumbnail","hentry","category-eleicoes","category-politica"],"_links":{"self":[{"href":"https:\/\/www.corumbaonline.com.br\/news\/wp-json\/wp\/v2\/posts\/20040","targetHints":{"allow":["GET"]}}],"collection":[{"href":"https:\/\/www.corumbaonline.com.br\/news\/wp-json\/wp\/v2\/posts"}],"about":[{"href":"https:\/\/www.corumbaonline.com.br\/news\/wp-json\/wp\/v2\/types\/post"}],"author":[{"embeddable":true,"href":"https:\/\/www.corumbaonline.com.br\/news\/wp-json\/wp\/v2\/users\/1"}],"replies":[{"embeddable":true,"href":"https:\/\/www.corumbaonline.com.br\/news\/wp-json\/wp\/v2\/comments?post=20040"}],"version-history":[{"count":1,"href":"https:\/\/www.corumbaonline.com.br\/news\/wp-json\/wp\/v2\/posts\/20040\/revisions"}],"predecessor-version":[{"id":20042,"href":"https:\/\/www.corumbaonline.com.br\/news\/wp-json\/wp\/v2\/posts\/20040\/revisions\/20042"}],"wp:featuredmedia":[{"embeddable":true,"href":"https:\/\/www.corumbaonline.com.br\/news\/wp-json\/wp\/v2\/media\/20041"}],"wp:attachment":[{"href":"https:\/\/www.corumbaonline.com.br\/news\/wp-json\/wp\/v2\/media?parent=20040"}],"wp:term":[{"taxonomy":"category","embeddable":true,"href":"https:\/\/www.corumbaonline.com.br\/news\/wp-json\/wp\/v2\/categories?post=20040"},{"taxonomy":"post_tag","embeddable":true,"href":"https:\/\/www.corumbaonline.com.br\/news\/wp-json\/wp\/v2\/tags?post=20040"}],"curies":[{"name":"wp","href":"https:\/\/api.w.org\/{rel}","templated":true}]}}