{"id":20065,"date":"2018-07-19T08:06:53","date_gmt":"2018-07-19T12:06:53","guid":{"rendered":"http:\/\/www.corumbaonline.com.br\/news\/?p=20065"},"modified":"2018-07-19T08:08:25","modified_gmt":"2018-07-19T12:08:25","slug":"comecam-amanha-convencoes-para-escolha-dos-candidatos-a-presidente","status":"publish","type":"post","link":"https:\/\/www.corumbaonline.com.br\/news\/comecam-amanha-convencoes-para-escolha-dos-candidatos-a-presidente\/","title":{"rendered":"Come\u00e7am amanh\u00e3 conven\u00e7\u00f5es para escolha dos candidatos a presidente"},"content":{"rendered":"<p>Ainda com o cen\u00e1rio das coliga\u00e7\u00f5es indefinido, os partidos pol\u00edticos iniciam nesta\u00a0sexta-feira (20)\u00a0as conven\u00e7\u00f5es nacionais que v\u00e3o decidir os candidatos \u00e0 Presid\u00eancia da Rep\u00fablica, nas elei\u00e7\u00f5es\u00a0de outubro. Os nomes dos candidatos a presidente e a vice t\u00eam que ser aprovados nas conven\u00e7\u00f5es at\u00e9\u00a05 de agosto\u00a0e registrados no Tribunal Superior Eleitoral (TSE) at\u00e9\u00a015 de agosto.<\/p>\n<p>Neste momento, h\u00e1 18 pr\u00e9-candidatos, mas esse n\u00famero j\u00e1 foi superior a 20 &#8211; alguns desistiram no meio do caminho, outros foram barrados pelos partidos pol\u00edticos. O total de candidatos poder\u00e1 ser menor, j\u00e1 que alguns partidos, como o DEM, o SD e o PCdoB, est\u00e3o sendo provocados a desistir da candidatura pr\u00f3pria para apoiar chapas mais competitivas.<\/p>\n<p>O quadro de indefini\u00e7\u00e3o, segundo o cientista pol\u00edtico Leonardo Barreto, se deve a fatores diversos, come\u00e7ando pelo fato de o Pal\u00e1cio do Planalto n\u00e3o estar influenciando o processo eleitoral. &#8220;Quando o Executivo est\u00e1 forte, tentando a reelei\u00e7\u00e3o ou fazer o sucessor, a tend\u00eancia \u00e9 que a coliga\u00e7\u00e3o governista seja reproduzida, a oposi\u00e7\u00e3o se organize e at\u00e9 surja a terceira via. Neste ano, o governo n\u00e3o tem um candidato forte nem colocou peso no candidato da oposi\u00e7\u00e3o. Isso levou \u00e0 pulveriza\u00e7\u00e3o de candidaturas&#8221;, argumentou.<\/p>\n<p>Neste cen\u00e1rio com v\u00e1rios candidatos, avaliou Barreto, at\u00e9 agora nenhum nome empolgou nem se apresentou como favorito, o que cria dificuldades para os partidos se posicionarem, pois todos querem apostar em algu\u00e9m com chances de vit\u00f3ria. Al\u00e9m disso, os partidos querem\u00a0ter\u00a0claro o papel que exercer\u00e3o no futuro governo. &#8220;Todos esses fatores levam ao quadro de barata voa nas conven\u00e7\u00f5es&#8221;, afirmou.<\/p>\n<h2>Articula\u00e7\u00f5es<\/h2>\n<p>Tr\u00eas partidos &#8211; PDT, PSC e PCB &#8211; t\u00eam reuni\u00f5es marcadas para esta quinta-feira. Em Bras\u00edlia, os convencionais do PDT e do PSC v\u00e3o decidir se confirmam as candidaturas de Ciro Gomes e Paulo Rabello de Castro, respectivamente. Ciro e Rabello ainda n\u00e3o t\u00eam nomes para vice. O PCB se reunir\u00e1 no Rio\u00a0de Janeiro, mas n\u00e3o\u00a0ter\u00e1 candidato pr\u00f3prio na elei\u00e7\u00e3o presidencial\u00a0de outubro.<\/p>\n<p>Amanh\u00e3, ser\u00e1 o dia de PSOL, PMN e Avante realizarem suas conven\u00e7\u00f5es. PMN e Avante tendem a n\u00e3o\u00a0ter\u00a0candidaturas pr\u00f3prias, enquanto o PSOL\u00a0deve confirmar a chapa Guilherme Boulos e S\u00f4nia Guajajara.\u00a0Domingo (22), o PSL se re\u00fane no Rio\u00a0de Janeiro\u00a0para debater a candidatura do deputado Jair Bolsonaro, as alian\u00e7as poss\u00edveis e o nome do vice.<\/p>\n<p>Conforme Barreto, a partir das conven\u00e7\u00f5es, as articula\u00e7\u00f5es pol\u00edticas para forma\u00e7\u00e3o das alian\u00e7as nacionais dever\u00e3o se afunilar, com vantagem para os maiores partidos que t\u00eam &#8220;mais meios de troca&#8221;. Ou seja, as negocia\u00e7\u00f5es v\u00e3o levar em conta o tempo de televis\u00e3o que pode ser agregado nas disputas estaduais, os recursos para finaciamento das campanhas, as bancadas de deputados federais e estaduais e o total de prefeitos, que s\u00e3o cabos eleitorais decisivos nas elei\u00e7\u00f5es.<\/p>\n<p>&nbsp;<\/p>\n<div class=\"dnd-widget-wrapper context-cheio_8colunas type-image\">\n<div class=\"dnd-atom-rendered\">\n<figure class=\"mejs-fotov-wrapper\"><img decoding=\"async\" class=\"img-responsive full full\" title=\"EBC\/Ag\u00eancia Brasil\" src=\"http:\/\/imagens.ebc.com.br\/-omhq5YZPCh3OtYK_GJ4mqyiXOM=\/754x0\/smart\/http:\/\/agenciabrasil.ebc.com.br\/sites\/default\/files\/thumbnails\/image\/pre-candidatos.png?itok=0I0u5HW5\" alt=\"Veja quem s\u00e3o os pr\u00e9-candidatos a presidente\" \/><\/figure>\n<\/div>\n<div class=\"dnd-caption-wrapper\"><\/div>\n<\/div>\n","protected":false},"excerpt":{"rendered":"<p>Ainda com o cen\u00e1rio das coliga\u00e7\u00f5es indefinido, os partidos pol\u00edticos iniciam nesta\u00a0sexta-feira (20)\u00a0as conven\u00e7\u00f5es nacionais&#8230;<\/p>\n","protected":false},"author":1,"featured_media":0,"comment_status":"closed","ping_status":"closed","sticky":false,"template":"","format":"standard","meta":{"footnotes":""},"categories":[19],"tags":[],"class_list":["post-20065","post","type-post","status-publish","format-standard","hentry","category-politica"],"_links":{"self":[{"href":"https:\/\/www.corumbaonline.com.br\/news\/wp-json\/wp\/v2\/posts\/20065","targetHints":{"allow":["GET"]}}],"collection":[{"href":"https:\/\/www.corumbaonline.com.br\/news\/wp-json\/wp\/v2\/posts"}],"about":[{"href":"https:\/\/www.corumbaonline.com.br\/news\/wp-json\/wp\/v2\/types\/post"}],"author":[{"embeddable":true,"href":"https:\/\/www.corumbaonline.com.br\/news\/wp-json\/wp\/v2\/users\/1"}],"replies":[{"embeddable":true,"href":"https:\/\/www.corumbaonline.com.br\/news\/wp-json\/wp\/v2\/comments?post=20065"}],"version-history":[{"count":1,"href":"https:\/\/www.corumbaonline.com.br\/news\/wp-json\/wp\/v2\/posts\/20065\/revisions"}],"predecessor-version":[{"id":20066,"href":"https:\/\/www.corumbaonline.com.br\/news\/wp-json\/wp\/v2\/posts\/20065\/revisions\/20066"}],"wp:attachment":[{"href":"https:\/\/www.corumbaonline.com.br\/news\/wp-json\/wp\/v2\/media?parent=20065"}],"wp:term":[{"taxonomy":"category","embeddable":true,"href":"https:\/\/www.corumbaonline.com.br\/news\/wp-json\/wp\/v2\/categories?post=20065"},{"taxonomy":"post_tag","embeddable":true,"href":"https:\/\/www.corumbaonline.com.br\/news\/wp-json\/wp\/v2\/tags?post=20065"}],"curies":[{"name":"wp","href":"https:\/\/api.w.org\/{rel}","templated":true}]}}