{"id":20072,"date":"2018-07-19T08:25:35","date_gmt":"2018-07-19T12:25:35","guid":{"rendered":"http:\/\/www.corumbaonline.com.br\/news\/?p=20072"},"modified":"2018-07-19T08:18:11","modified_gmt":"2018-07-19T12:18:11","slug":"modelo-de-turismo-do-ms-e-pauta-em-reuniao-ordinaria-do-fornatur","status":"publish","type":"post","link":"https:\/\/www.corumbaonline.com.br\/news\/modelo-de-turismo-do-ms-e-pauta-em-reuniao-ordinaria-do-fornatur\/","title":{"rendered":"Modelo de Turismo do MS \u00e9 pauta em reuni\u00e3o ordin\u00e1ria do Fornatur"},"content":{"rendered":"<p>Nesta quinta-feira (19) acontece em Bras\u00edlia (DF), a 96\u00aa reuni\u00e3o ordin\u00e1ria do F\u00f3rum Nacional dos Secret\u00e1rios e Dirigentes Estaduais de Turismo (Fornatur), no qual Mato Grosso do Sul ocupa a vice-presid\u00eancia do Centro-Oeste.<\/p>\n<p>Na ocasi\u00e3o, um dos temas da pauta fixa Casos de Sucesso ser\u00e1 \u201cMato Grosso do Sul \u2013 Modelo da Funda\u00e7\u00e3o de Turismo do MS\u201d apresentada pelo diretor-presidente da Funda\u00e7\u00e3o de Turismo de Mato Grosso do Sul (Fundtur-MS), Bruno Wendling. Outro tema \u00e9 a apresenta\u00e7\u00e3o da Secretaria Nacional de Qualifica\u00e7\u00e3o e Promo\u00e7\u00e3o do Turismo, feita por integrantes do Minist\u00e9rio do Turismo.<\/p>\n<p><strong>Fornatur<\/strong><\/p>\n<p>O F\u00f3rum foi criado em 2000 para ser um colegiado dos secret\u00e1rios de Estado de Turismo ou presidentes de \u00d3rg\u00e3o Estaduais de Turismo. O objetivo \u00e9 que a inst\u00e2ncia delibere sobre temas relevantes para o setor, incorporando as demandas estaduais, regionais e nacionais, constituindo-se um bloco de express\u00e3o t\u00e9cnica e pol\u00edtica. O bloco se re\u00fane, em m\u00e9dia, a cada dois meses, durante eventos tur\u00edsticos de grande proje\u00e7\u00e3o.<\/p>\n<p>O presidente do Fornatur tem assento no Conselho Nacional do Turismo e atua junto a este \u00f3rg\u00e3o no assessoramento ao Minist\u00e9rio do Turismo para elabora\u00e7\u00e3o e implanta\u00e7\u00e3o do Plano Nacional do Turismo e na discuss\u00e3o dos principais programas e projetos do setor.<\/p>\n","protected":false},"excerpt":{"rendered":"<p>Nesta quinta-feira (19) acontece em Bras\u00edlia (DF), a 96\u00aa reuni\u00e3o ordin\u00e1ria do F\u00f3rum Nacional dos&#8230;<\/p>\n","protected":false},"author":1,"featured_media":0,"comment_status":"closed","ping_status":"closed","sticky":false,"template":"","format":"standard","meta":{"footnotes":""},"categories":[23],"tags":[],"class_list":["post-20072","post","type-post","status-publish","format-standard","hentry","category-turismo"],"_links":{"self":[{"href":"https:\/\/www.corumbaonline.com.br\/news\/wp-json\/wp\/v2\/posts\/20072","targetHints":{"allow":["GET"]}}],"collection":[{"href":"https:\/\/www.corumbaonline.com.br\/news\/wp-json\/wp\/v2\/posts"}],"about":[{"href":"https:\/\/www.corumbaonline.com.br\/news\/wp-json\/wp\/v2\/types\/post"}],"author":[{"embeddable":true,"href":"https:\/\/www.corumbaonline.com.br\/news\/wp-json\/wp\/v2\/users\/1"}],"replies":[{"embeddable":true,"href":"https:\/\/www.corumbaonline.com.br\/news\/wp-json\/wp\/v2\/comments?post=20072"}],"version-history":[{"count":1,"href":"https:\/\/www.corumbaonline.com.br\/news\/wp-json\/wp\/v2\/posts\/20072\/revisions"}],"predecessor-version":[{"id":20073,"href":"https:\/\/www.corumbaonline.com.br\/news\/wp-json\/wp\/v2\/posts\/20072\/revisions\/20073"}],"wp:attachment":[{"href":"https:\/\/www.corumbaonline.com.br\/news\/wp-json\/wp\/v2\/media?parent=20072"}],"wp:term":[{"taxonomy":"category","embeddable":true,"href":"https:\/\/www.corumbaonline.com.br\/news\/wp-json\/wp\/v2\/categories?post=20072"},{"taxonomy":"post_tag","embeddable":true,"href":"https:\/\/www.corumbaonline.com.br\/news\/wp-json\/wp\/v2\/tags?post=20072"}],"curies":[{"name":"wp","href":"https:\/\/api.w.org\/{rel}","templated":true}]}}