{"id":20088,"date":"2018-07-19T09:30:06","date_gmt":"2018-07-19T13:30:06","guid":{"rendered":"http:\/\/www.corumbaonline.com.br\/news\/?p=20088"},"modified":"2018-07-21T21:56:16","modified_gmt":"2018-07-22T01:56:16","slug":"pt-escolhe-candidatos-as-eleicoes-em-encontro-estadual-no-dia-28-de-julho","status":"publish","type":"post","link":"https:\/\/www.corumbaonline.com.br\/news\/pt-escolhe-candidatos-as-eleicoes-em-encontro-estadual-no-dia-28-de-julho\/","title":{"rendered":"PT escolhe candidatos \u00e0s elei\u00e7\u00f5es em encontro estadual no dia 28 de julho"},"content":{"rendered":"<p>O PT (Partido dos Trabalhadores) de Mato Grosso do Sul realiza no pr\u00f3ximo dia 28 de julho, s\u00e1bado, o Encontro Estadual que definir\u00e1 os nomes que ser\u00e3o os candidatos do partido nestas elei\u00e7\u00f5es.<\/p>\n<p>O evento ser\u00e1 realizado na sede da Fetems (Federa\u00e7\u00e3o dos Trabalhadores em Educa\u00e7\u00e3o de Mato Grosso do Sul) durante a manh\u00e3, a partir das 8h. Durante o encontro, os petistas v\u00e3o definir suas estrat\u00e9gias para o pleito e talvez realizar vota\u00e7\u00f5es.<\/p>\n<p>Segundo a assessoria do presidente do partido, Zeca do PT, o encontro pode ter vota\u00e7\u00f5es para definir quem ser\u00e3o os candidatos a deputados federais e estaduais, caso o partido n\u00e3o atinja a cota de 30% de participa\u00e7\u00e3o feminina e seja necess\u00e1rio descartar candidaturas masculinas.<\/p>\n<p>Depois do encontro, a Diretoria da Executiva Estadual do PT ir\u00e1 se reunir internamente no dia 5 de agosto para referendar as escolhas dos candidatos. Apenas a primeira etapa do Encontro Estadual ser\u00e1 aberta ao p\u00fablico.<\/p>\n<p>A assessoria tamb\u00e9m informa que o PT tem inten\u00e7\u00e3o de trazer algum representante nacional da legenda para o encontro, como o ex-prefeito de S\u00e3o Paulo, Fernando Haddad (PT), ou a presidente nacional do partido, senadora Gleisi Hoffmann (PT), mas esse nome ainda n\u00e3o teria sido definido.<\/p>\n<p>O Partido em Mato Grosso do Sul j\u00e1 definiu seu candidato para o governo do Estado, o ex-prefeito de Mundo Novo Humberto Amaducci (PT), que disputar\u00e1 o pleito em chapa com a vice Lucilene Maria da Silva e Silva.<\/p>\n<p>O PT tamb\u00e9m j\u00e1 tem como pr\u00e9-candidato definido ao Senado o ex-governador do Estado e deputado federal Zeca do PT. Os outros nomes para candidatos a deputados estaduais e federais ser\u00e3o apresentados na conven\u00e7\u00e3o.<\/p>\n","protected":false},"excerpt":{"rendered":"<p>O PT (Partido dos Trabalhadores) de Mato Grosso do Sul realiza no pr\u00f3ximo dia 28&#8230;<\/p>\n","protected":false},"author":1,"featured_media":0,"comment_status":"closed","ping_status":"closed","sticky":false,"template":"","format":"standard","meta":{"footnotes":""},"categories":[101,19],"tags":[],"class_list":["post-20088","post","type-post","status-publish","format-standard","hentry","category-eleicoes","category-politica"],"_links":{"self":[{"href":"https:\/\/www.corumbaonline.com.br\/news\/wp-json\/wp\/v2\/posts\/20088","targetHints":{"allow":["GET"]}}],"collection":[{"href":"https:\/\/www.corumbaonline.com.br\/news\/wp-json\/wp\/v2\/posts"}],"about":[{"href":"https:\/\/www.corumbaonline.com.br\/news\/wp-json\/wp\/v2\/types\/post"}],"author":[{"embeddable":true,"href":"https:\/\/www.corumbaonline.com.br\/news\/wp-json\/wp\/v2\/users\/1"}],"replies":[{"embeddable":true,"href":"https:\/\/www.corumbaonline.com.br\/news\/wp-json\/wp\/v2\/comments?post=20088"}],"version-history":[{"count":1,"href":"https:\/\/www.corumbaonline.com.br\/news\/wp-json\/wp\/v2\/posts\/20088\/revisions"}],"predecessor-version":[{"id":20089,"href":"https:\/\/www.corumbaonline.com.br\/news\/wp-json\/wp\/v2\/posts\/20088\/revisions\/20089"}],"wp:attachment":[{"href":"https:\/\/www.corumbaonline.com.br\/news\/wp-json\/wp\/v2\/media?parent=20088"}],"wp:term":[{"taxonomy":"category","embeddable":true,"href":"https:\/\/www.corumbaonline.com.br\/news\/wp-json\/wp\/v2\/categories?post=20088"},{"taxonomy":"post_tag","embeddable":true,"href":"https:\/\/www.corumbaonline.com.br\/news\/wp-json\/wp\/v2\/tags?post=20088"}],"curies":[{"name":"wp","href":"https:\/\/api.w.org\/{rel}","templated":true}]}}