{"id":20092,"date":"2018-07-19T10:03:06","date_gmt":"2018-07-19T14:03:06","guid":{"rendered":"http:\/\/www.corumbaonline.com.br\/news\/?p=20092"},"modified":"2018-07-19T11:38:23","modified_gmt":"2018-07-19T15:38:23","slug":"justica-acata-denuncia-contra-trio-acusado-de-matar-vitoria-gabrielly","status":"publish","type":"post","link":"https:\/\/www.corumbaonline.com.br\/news\/justica-acata-denuncia-contra-trio-acusado-de-matar-vitoria-gabrielly\/","title":{"rendered":"Justi\u00e7a acata den\u00fancia contra trio acusado de matar Vit\u00f3ria Gabrielly"},"content":{"rendered":"<p>A 1\u00aa Vara Criminal de S\u00e3o Roque aceitou a den\u00fancia contra os tr\u00eas acusados de matar a jovem Vit\u00f3ria Gabrielly Guimar\u00e3es, de 12 anos. O crime ocorreu em Ara\u00e7ariguama, no interior paulista. A garota desapareceu no dia 8 de junho e teve o corpo encontrado somente no dia 16.<\/p>\n<p>Os r\u00e9us responder\u00e3o pelos crimes de sequestro, homic\u00eddio qualificado por motivo torpe, f\u00fatil, meio cruel, recurso que impediu a defesa da v\u00edtima e oculta\u00e7\u00e3o de cad\u00e1ver.<\/p>\n<p>O juiz Fl\u00e1vio Roberto de Carvalho acatou o pedido do Minist\u00e9rio P\u00fablico e converteu em pris\u00e3o preventiva a deten\u00e7\u00e3o tempor\u00e1ria dos re\u00fas: Bruno Marcelo de Oliveira, Mayara Borges de Abrantes e Julio C\u00e9sar Lima Ergesse.<\/p>\n<p>O magistrado tamb\u00e9m manteve o sigilo do processo para preservar as provas obtidas durante o inqu\u00e9rito policial.<\/p>\n<p>O trio dever\u00e1 apresentar a defesa \u00e0s acusa\u00e7\u00f5es. O juiz, ent\u00e3o, decidir\u00e1 se os acusados ser\u00e3o levados a j\u00fari popular.<\/p>\n","protected":false},"excerpt":{"rendered":"<p>A 1\u00aa Vara Criminal de S\u00e3o Roque aceitou a den\u00fancia contra os tr\u00eas acusados de&#8230;<\/p>\n","protected":false},"author":1,"featured_media":0,"comment_status":"closed","ping_status":"closed","sticky":false,"template":"","format":"standard","meta":{"footnotes":""},"categories":[14],"tags":[],"class_list":["post-20092","post","type-post","status-publish","format-standard","hentry","category-geral"],"_links":{"self":[{"href":"https:\/\/www.corumbaonline.com.br\/news\/wp-json\/wp\/v2\/posts\/20092","targetHints":{"allow":["GET"]}}],"collection":[{"href":"https:\/\/www.corumbaonline.com.br\/news\/wp-json\/wp\/v2\/posts"}],"about":[{"href":"https:\/\/www.corumbaonline.com.br\/news\/wp-json\/wp\/v2\/types\/post"}],"author":[{"embeddable":true,"href":"https:\/\/www.corumbaonline.com.br\/news\/wp-json\/wp\/v2\/users\/1"}],"replies":[{"embeddable":true,"href":"https:\/\/www.corumbaonline.com.br\/news\/wp-json\/wp\/v2\/comments?post=20092"}],"version-history":[{"count":1,"href":"https:\/\/www.corumbaonline.com.br\/news\/wp-json\/wp\/v2\/posts\/20092\/revisions"}],"predecessor-version":[{"id":20093,"href":"https:\/\/www.corumbaonline.com.br\/news\/wp-json\/wp\/v2\/posts\/20092\/revisions\/20093"}],"wp:attachment":[{"href":"https:\/\/www.corumbaonline.com.br\/news\/wp-json\/wp\/v2\/media?parent=20092"}],"wp:term":[{"taxonomy":"category","embeddable":true,"href":"https:\/\/www.corumbaonline.com.br\/news\/wp-json\/wp\/v2\/categories?post=20092"},{"taxonomy":"post_tag","embeddable":true,"href":"https:\/\/www.corumbaonline.com.br\/news\/wp-json\/wp\/v2\/tags?post=20092"}],"curies":[{"name":"wp","href":"https:\/\/api.w.org\/{rel}","templated":true}]}}