{"id":20102,"date":"2018-07-19T11:01:27","date_gmt":"2018-07-19T15:01:27","guid":{"rendered":"http:\/\/www.corumbaonline.com.br\/news\/?p=20102"},"modified":"2018-07-19T11:54:12","modified_gmt":"2018-07-19T15:54:12","slug":"ministra-do-tse-rejeita-pedido-do-mbl-para-declarar-lula-inelegivel","status":"publish","type":"post","link":"https:\/\/www.corumbaonline.com.br\/news\/ministra-do-tse-rejeita-pedido-do-mbl-para-declarar-lula-inelegivel\/","title":{"rendered":"Ministra do TSE rejeita pedido do MBL para declarar Lula ineleg\u00edvel"},"content":{"rendered":"<p>A ministra do Tribunal Superior Eleitoral (TSE) rejeitou ontem (18) pedido\u00a0feito pelo Movimento Brasil Livre (MBL) para que o tribunal declare a inelegibilidade do ex-presidente Luiz In\u00e1cio Lula da Silva.<\/p>\n<p>Na decis\u00e3o, Rosa Weber n\u00e3o entrou no m\u00e9rito do pedido e entendeu que os representantes do movimento n\u00e3o tem legitimidade\u00a0para levantar a causa. Al\u00e9m disso, a ministra afirmou que antes do per\u00edodo de registro de candidaturas, n\u00e3o se pode discutir legalmente a quest\u00e3o da inelegibilidade de candidatos.<\/p>\n<p>Lula est\u00e1 preso na Superintend\u00eancia da Pol\u00edcia Federal em Curitiba desde o dia\u00a07 de abril, por determina\u00e7\u00e3o do juiz S\u00e9rgio Moro, que ordenou a execu\u00e7\u00e3o provis\u00f3ria da pena de 12 anos e um m\u00eas de pris\u00e3o pelos crimes de corrup\u00e7\u00e3o e lavagem de dinheiro, no caso do triplex em Guaruj\u00e1 (SP). A pris\u00e3o foi executada com base na decis\u00e3o do STF que autorizou pris\u00f5es ap\u00f3s o fim dos recursos na\u00a0segunda\u00a0inst\u00e2ncia da Justi\u00e7a.<\/p>\n<p>Apesar de a Lei da Ficha Limpa\u00a0ter\u00a0definido que condenados por \u00f3rg\u00e3os colegiados est\u00e3o ineleg\u00edveis, o momento no qual a Justi\u00e7a Eleitoral analisa a restri\u00e7\u00e3o ocorre ap\u00f3s a apresenta\u00e7\u00e3o do pedido de registro de candidatura, que deve ser feito a partir do pr\u00f3ximo dia\u00a020 de julho\u00a0at\u00e9\u00a015 de agosto, depois da\u00a0aprova\u00e7\u00e3o do candidato na conven\u00e7\u00e3o de seu partido.<\/p>\n","protected":false},"excerpt":{"rendered":"<p>A ministra do Tribunal Superior Eleitoral (TSE) rejeitou ontem (18) pedido\u00a0feito pelo Movimento Brasil Livre&#8230;<\/p>\n","protected":false},"author":1,"featured_media":0,"comment_status":"closed","ping_status":"closed","sticky":false,"template":"","format":"standard","meta":{"footnotes":""},"categories":[19],"tags":[],"class_list":["post-20102","post","type-post","status-publish","format-standard","hentry","category-politica"],"_links":{"self":[{"href":"https:\/\/www.corumbaonline.com.br\/news\/wp-json\/wp\/v2\/posts\/20102","targetHints":{"allow":["GET"]}}],"collection":[{"href":"https:\/\/www.corumbaonline.com.br\/news\/wp-json\/wp\/v2\/posts"}],"about":[{"href":"https:\/\/www.corumbaonline.com.br\/news\/wp-json\/wp\/v2\/types\/post"}],"author":[{"embeddable":true,"href":"https:\/\/www.corumbaonline.com.br\/news\/wp-json\/wp\/v2\/users\/1"}],"replies":[{"embeddable":true,"href":"https:\/\/www.corumbaonline.com.br\/news\/wp-json\/wp\/v2\/comments?post=20102"}],"version-history":[{"count":1,"href":"https:\/\/www.corumbaonline.com.br\/news\/wp-json\/wp\/v2\/posts\/20102\/revisions"}],"predecessor-version":[{"id":20103,"href":"https:\/\/www.corumbaonline.com.br\/news\/wp-json\/wp\/v2\/posts\/20102\/revisions\/20103"}],"wp:attachment":[{"href":"https:\/\/www.corumbaonline.com.br\/news\/wp-json\/wp\/v2\/media?parent=20102"}],"wp:term":[{"taxonomy":"category","embeddable":true,"href":"https:\/\/www.corumbaonline.com.br\/news\/wp-json\/wp\/v2\/categories?post=20102"},{"taxonomy":"post_tag","embeddable":true,"href":"https:\/\/www.corumbaonline.com.br\/news\/wp-json\/wp\/v2\/tags?post=20102"}],"curies":[{"name":"wp","href":"https:\/\/api.w.org\/{rel}","templated":true}]}}