{"id":20112,"date":"2018-07-19T11:44:43","date_gmt":"2018-07-19T15:44:43","guid":{"rendered":"http:\/\/www.corumbaonline.com.br\/news\/?p=20112"},"modified":"2018-07-19T12:27:55","modified_gmt":"2018-07-19T16:27:55","slug":"organizacao-divulga-programacao-oficial-do-festival-de-inverno-de-bonito","status":"publish","type":"post","link":"https:\/\/www.corumbaonline.com.br\/news\/organizacao-divulga-programacao-oficial-do-festival-de-inverno-de-bonito\/","title":{"rendered":"Organiza\u00e7\u00e3o divulga programa\u00e7\u00e3o oficial do Festival de Inverno de Bonito"},"content":{"rendered":"<p>A organiza\u00e7\u00e3o da 19\u00aa edi\u00e7\u00e3o do Festival de Inverno de Bonito j\u00e1 divulgou a programa\u00e7\u00e3o oficial do evento. As atividades acontecer\u00e3o em 11 lugares diferentes, incluindo o distrito \u00c1guas do Miranda, o assentamento Guaicur\u00fas e bairros da cidade (Marambaia e Vila Machado).<\/p>\n<p>Confira a programa\u00e7\u00e3o completa (anexo em PDF)<\/p>\n<p><strong>DOMINGO (22\/07)<\/strong><\/p>\n<p>18h &#8211; Assentamento Guaicurus<\/p>\n<p>Cinema<\/p>\n<p>MOSTRA DE FILMES<\/p>\n<p>O Menino no Espelho<\/p>\n<p>Um Tio Quase Perfeito<\/p>\n<p><strong>QUARTA (25\/07)<\/strong><\/p>\n<p>18h &#8211; Distrito \u00c1guas de Miranda<\/p>\n<p>Cinema<\/p>\n<p>MOSTRA DE FILMES<\/p>\n<p>O Menino no Espelho<\/p>\n<p>Um Tio Quase Perfeito<\/p>\n<p><strong>QUINTA (26\/07)<\/strong><\/p>\n<p>10h &#8211; Espa\u00e7o Madeiral<\/p>\n<p>Cinema<\/p>\n<p>MOSTRA DE FILMES<\/p>\n<p>Brincando Com o Passado no Museu<\/p>\n<p>Entre Rios e Hist\u00f3rias<\/p>\n<p>15h &#8211; Espa\u00e7o Madeiral<\/p>\n<p>Cinema<\/p>\n<p>MOSTRA DE FILMES<\/p>\n<p>Canta Dores do Pantanal &#8211; 50 Anos de Grupo Acaba<\/p>\n<p>16h\/18h &#8211; Assentamento Guaicurus<\/p>\n<p>Circo\/Pernas de Pau<\/p>\n<p>INSTITUTO VIS\u00c3O DE VIDA (Bonito\/MS)<\/p>\n<p>Dan\u00e7a<\/p>\n<p>REDE SOLID\u00c1RIA (MS)<\/p>\n<p>Teatro<\/p>\n<p>TEATRAL GRUPO DE RISCO\/TGR (MS)<\/p>\n<p>\u2018Revolu\u00e7\u00e3o\u2019<\/p>\n<p>17h &#8211; Pra\u00e7a da Liberdade<\/p>\n<p>Cultura Popular<\/p>\n<p>Cortejo de Abertura<\/p>\n<p>GRUPO CAMBOI (PE)<\/p>\n<p>Cavalo Marinho<\/p>\n<p>18h &#8211; Pra\u00e7a da Liberdade<\/p>\n<p>Dan\u00e7a<\/p>\n<p>STREETPOP (MS)<\/p>\n<p>&#8216;Vir(tu)Eu&#8217;<\/p>\n<p>19h &#8211; Pra\u00e7a da Liberdade<\/p>\n<p>Abertura festival<\/p>\n<p>HOMENAGEADOS<\/p>\n<p>M\u00fasica &#8211; AMAMBAI E AMAMBA\u00cd (MS)<\/p>\n<p>M\u00fasica\/Cidadania &#8211; MAYARA AMARAL (MS)<\/p>\n<p>Artes C\u00eanicas &#8211; GRUPO SENTA QUE O LE\u00c3O \u00c9 MANSO (MS)<\/p>\n<p>Hino Nacional com a BANDA MUNICIPAL DE BONITO (MS)<\/p>\n<p>20h &#8211; Pra\u00e7a da Liberdade<\/p>\n<p>M\u00fasica<\/p>\n<p>II CANTA BONITO (MS)<\/p>\n<p>21h30 &#8211; Pra\u00e7a da Liberdade<\/p>\n<p>M\u00fasica<\/p>\n<p>MICHEL TEL\u00d3 (MS)<\/p>\n<p>\u2018Bem Sertanejo\u2019<\/p>\n<p><strong>SEXTA (27\/07)<\/strong><\/p>\n<p>9h &#8211; Casa da Mem\u00f3ria Ra\u00edda<\/p>\n<p>Encontro Cultural<\/p>\n<p>CAF\u00c9 FILOS\u00d3FICO<\/p>\n<p>10h &#8211; Espa\u00e7o Madeiral<\/p>\n<p>Cinema<\/p>\n<p>MOSTRA DE FILMES<\/p>\n<p>Amaz\u00f4nia &#8211; 14h<\/p>\n<p>Casa da Mem\u00f3ria Ra\u00edda<\/p>\n<p>Mesa Tem\u00e1tica\/Document\u00e1rio<\/p>\n<p>EU N\u00c3O ANDO S\u00d3<\/p>\n<p>Mara Silvestre (MS)<\/p>\n<p>15h &#8211; Hotel Marru\u00e1<\/p>\n<p>Palestra<\/p>\n<p>N\u00c3O DESCARTE, ENCAMINHE<\/p>\n<p>RODRIGO SABATINI (SC)<\/p>\n<p>Presidente do Instituto Lixo Zero Brasil<\/p>\n<p>15h &#8211; Espa\u00e7o Madeiral<\/p>\n<p>Cinema<\/p>\n<p>MOSTRA DE FILMES<\/p>\n<p>Como Nossos Pais<\/p>\n<p>15h &#8211; Distrito \u00c1guas do Miranda<\/p>\n<p>Palestra<\/p>\n<p>VALORIZA\u00c7\u00c3O DA IDENTIDADE NEGRA<\/p>\n<p>\u00c2ngela Epif\u00e2nio (MS)<\/p>\n<p>16h &#8211; Casa da Mem\u00f3ria Ra\u00edda<\/p>\n<p>Debate<\/p>\n<p>CAF\u00c9 FILOS\u00d3FICO<\/p>\n<p>MULHERES NA LITERATURA<\/p>\n<p>\u2018Produ\u00e7\u00e3o Liter\u00e1ria Feita por Mulheres\u2019<\/p>\n<p>16h &#8211; Bairro Marambaia<\/p>\n<p>Pra\u00e7a<\/p>\n<p>INTERVEN\u00c7\u00c3O DE SKATE<\/p>\n<p>16h\/18h &#8211; Distrito \u00c1guas do Miranda<\/p>\n<p>N\u00c3O \u00c9 GRUPO (Dourados\/MS)<\/p>\n<p>\u2018Judith e Sua Sombra de Menino\u2019<\/p>\n<p>18h &#8211; Pra\u00e7a da Liberdade<\/p>\n<p>Dan\u00e7a<\/p>\n<p>CIA. DE SAPATEADO P\u00c9 NA T\u00c1BUA e BR JAZZ (SP)<\/p>\n<p>\u2018Escuta Essa Dan\u00e7a\u2019<\/p>\n<p>19h &#8211; Pra\u00e7a da Liberdade<\/p>\n<p>Circo<\/p>\n<p>N\u00d3S NO BAMBU (DF)<\/p>\n<p>\u2018Mar Sem Beira\u2019<\/p>\n<p>19h &#8211; Espa\u00e7o Madeiral<\/p>\n<p>Cinema<\/p>\n<p>MOSTRA DE FILMES<\/p>\n<p>La Plata Yvyguy &#8211; Enterros e Guardados<\/p>\n<p>20h &#8211; Pra\u00e7a da Liberdade<\/p>\n<p>M\u00fasica<\/p>\n<p>MARIA ALICE (MS)<\/p>\n<p>\u2018Sert\u00f5es\u2019<\/p>\n<p>21h30 &#8211; Pra\u00e7a da Liberdade<\/p>\n<p>M\u00fasica<\/p>\n<p>ALMIR SATER (MS) e RENATO TEIXEIRA (SP)<\/p>\n<p>\u2018AR\u2019<\/p>\n<p>0h &#8211; Centro de M\u00faltiplo Uso (CMU)<\/p>\n<p>M\u00fasica<\/p>\n<p>MARTA CEL (MS)<\/p>\n<p>1h &#8211; Centro de M\u00faltiplo Uso (CMU)<\/p>\n<p>M\u00fasica<\/p>\n<p>GL\u00d3RIA GROOVE (SP)<\/p>\n<p>2h &#8211; Centro de M\u00faltiplo Uso (CMU)<\/p>\n<p>M\u00fasica Eletr\u00f4nica<\/p>\n<p>DJ JOU GONZALES (Bonito\/MS)<\/p>\n<p><strong>S\u00c1BADO (28\/07)<\/strong><\/p>\n<p>7h &#8211; Sede da Sectur<\/p>\n<p>Ecoturismo\/Trilha<\/p>\n<p>VISITA AO PARQUE NACIONAL DA SERRA DA BODOQUENA<\/p>\n<p>8h &#8211; Centro de M\u00faltiplo Uso (CMU)<\/p>\n<p>A\u00e7\u00e3o Ambiental<\/p>\n<p>MUTIR\u00c3O DE LIMPEZA NOS C\u00d3RREGOS URBANOS DE BONITO<\/p>\n<p>Realiza\u00e7\u00e3o: Instituto das \u00c1guas da Serra da Bodoquena (MS)<\/p>\n<p>8h\/11h &#8211; Audit\u00f3rio da Sectur<\/p>\n<p>Col\u00f3quio<\/p>\n<p>IMAGIN\u00c1RIO POPULAR ENQUANTO PATRIM\u00d4NIO CULTURAL<\/p>\n<p>Circo\/Pernas de Pau<\/p>\n<p>INSTITUTO VIS\u00c3O DE VIDA (Bonito\/MS) Apresenta\u00e7\u00e3o Art\u00edstica<\/p>\n<p>ASSOCIA\u00c7\u00c3O PESTALOZZI DE BONITO (Bonito\/MS)<\/p>\n<p>Dan\u00e7a<\/p>\n<p>ST\u00daDIO KADOSHI DANCE (Bonito\/MS)<\/p>\n<p>Dan\u00e7a<\/p>\n<p>REDE SOLID\u00c1RIA (MS)<\/p>\n<p>10h &#8211; Espa\u00e7o Madeiral<\/p>\n<p>Cinema<\/p>\n<p>MOSTRA DE FILMES<\/p>\n<p>Um Tio Quase Perfeito<\/p>\n<p>13h\/17h &#8211; Centro de M\u00faltiplo Uso (CMU)<\/p>\n<p>CAMPEONATO DE SKATE<\/p>\n<p>1\u00aa Etapa<\/p>\n<p>14h &#8211; Casa da Mem\u00f3ria Ra\u00edda<\/p>\n<p>Palestra<\/p>\n<p>A HIST\u00d3RIA DAS MULHERES NA ARTE<\/p>\n<p>Arte por mulheres contempor\u00e2neas<\/p>\n<p>LINA DA ANUNCIA\u00c7\u00c3O (MS)<\/p>\n<p>14h &#8211; Pra\u00e7a da Liberdade<\/p>\n<p>Espa\u00e7o Educativo<\/p>\n<p>V ENCONTRO REGIONAL DE ARTE EDUCADORES DE MS<\/p>\n<p>Docentes do curso de Artes C\u00eanicas\/UEMS<\/p>\n<p>Tema: \u2018A Dan\u00e7a e o Teatro na Educa\u00e7\u00e3o\u2019<\/p>\n<p>Media\u00e7\u00e3o: Fabiana Vidal (FAEB)<\/p>\n<p>14h30 &#8211; Hotel Marru\u00e1<\/p>\n<p>Semin\u00e1rio<\/p>\n<p>CIDADANIA E MEIO AMBIENTE<\/p>\n<p>Coordena\u00e7\u00e3o: Athayde Nery (MS)<\/p>\n<p>Secret\u00e1rio de Cultura e Cidadania de MS<\/p>\n<p>15h &#8211; Espa\u00e7o Madeiral<\/p>\n<p>Cinema<\/p>\n<p>MOSTRA DE FILMES<\/p>\n<p>O Filme de Minha Vida<\/p>\n<p>16h\/18h &#8211; Bairro Marambaia<\/p>\n<p>Dan\u00e7a<\/p>\n<p>REDE SOLID\u00c1RIA (MS)<\/p>\n<p>Circo<\/p>\n<p>GRUPO REBOTE (DF)<\/p>\n<p>\u2018Columpio\u2019<\/p>\n<p>Teatro<\/p>\n<p>UBU CIA. DE ARTES C\u00caNICAS (MS)<\/p>\n<p>&#8216;Uma Mo\u00e7a na Cidade&#8217;<\/p>\n<p>17h &#8211; Espa\u00e7o Madeiral<\/p>\n<p>Teatro Infantil<\/p>\n<p>CIA. DO ABRA\u00c7\u00c3O (PR)<\/p>\n<p>\u2018Kartas de Uma Boneka Viajante\u2019<\/p>\n<p>18h &#8211; Sede do Rota Aventura<\/p>\n<p>Passeio<\/p>\n<p>Trilha Cultural<\/p>\n<p>VI NIGHT BIKE<\/p>\n<p>18h &#8211; Pra\u00e7a da Liberdade<\/p>\n<p>Teatro de Rua<\/p>\n<p>DE PERNAS PRO AR (RS)<\/p>\n<p>\u2018Autom\u00e1kina\u2019<\/p>\n<p>19h &#8211; Pra\u00e7a da Liberdade<\/p>\n<p>Dan\u00e7a<\/p>\n<p>BAL\u00c9 TEATRO GUA\u00cdRA (PR)<\/p>\n<p>\u2018Carmen\u2019<\/p>\n<p>19h &#8211; Espa\u00e7o Madeiral<\/p>\n<p>Cinema<\/p>\n<p>MOSTRA DE FILMES<\/p>\n<p>Vampiros<\/p>\n<p>20h &#8211; Pra\u00e7a da Liberdade<\/p>\n<p>M\u00fasica<\/p>\n<p>TON ALVES (MS)<\/p>\n<p>21h &#8211; Pra\u00e7a da Liberdade<\/p>\n<p>Desfile<\/p>\n<p>MODA CRIATIVA E SUSTENT\u00c1VEL<\/p>\n<p>Trilha: DJ Bella Schwind (Bonito\/MS)<\/p>\n<p>21h30 &#8211; Pra\u00e7a da Liberdade<\/p>\n<p>M\u00fasica<\/p>\n<p>MILTON NASCIMENTO (RJ)<\/p>\n<p>\u2018Semente da Terra\u2019<\/p>\n<p>0h &#8211; Centro de M\u00faltiplo Uso (CMU)<\/p>\n<p>M\u00fasica<\/p>\n<p>WHISKY DE SEGUNDA (MS)<\/p>\n<p>1h30 &#8211; Centro de M\u00faltiplo Uso (CMU)<\/p>\n<p>M\u00fasica<\/p>\n<p>FUNK COMO LE GUSTA (SP) \/ Participa\u00e7\u00e3o: Da\u00fade (BA)<\/p>\n<p><strong>DOMINGO (29\/07)<\/strong><\/p>\n<p>9h\/11h &#8211; Bairro Vila Machado<\/p>\n<p>Dan\u00e7a<\/p>\n<p>REDE SOLID\u00c1RIA (MS)<\/p>\n<p>Circo<\/p>\n<p>LE CHAPEAU (MS)<\/p>\n<p>&#8216;Tradicional Poket Show&#8217;<\/p>\n<p>Circo<\/p>\n<p>GRUPO REBOTE (DF)<\/p>\n<p>&#8216;Inka Clown&#8217;<\/p>\n<p>10h &#8211; Espa\u00e7o Madeiral<\/p>\n<p>Cinema\/Debate<\/p>\n<p>O FILHO ETERNO<\/p>\n<p>Tema: Acessibilidade e Inclus\u00e3o Social<\/p>\n<p>Media\u00e7\u00e3o: Ivone Angela dos San<\/p>\n<p>14h &#8211; Espa\u00e7o Madeiral<\/p>\n<p>Cinema<\/p>\n<p>EXIBI\u00c7\u00c3O DOS CURTAS PRODUZIDOS NA OFICINA DO CINEASTA IV\u00c1N MOLINA<\/p>\n<p>15h30\/17h30 &#8211; Centro de M\u00faltiplo Uso (CMU)<\/p>\n<p>Circo\/Perna de Pau<\/p>\n<p>INSTITUTO VIS\u00c3O DE VIDA (Bonito\/MS)<\/p>\n<p>Artes C\u00eanicas<\/p>\n<p>OFICINA BRENO MORONI (MS)<\/p>\n<p>Dan\u00e7a<\/p>\n<p>ST\u00daDIO ROSANA GABRIEL (Bonito\/MS)<\/p>\n<p>Teatro de Rua<\/p>\n<p>DE PERNAS PRO AR (RS) \/ \u2018Lan\u00e7ador de Foguetes\u2019<\/p>\n<p>17h &#8211; Espa\u00e7o Madeiral<\/p>\n<p>Teatro<\/p>\n<p>SENTA QUE O LE\u00c3O \u00c9 MANSO (MS)<\/p>\n<p>\u2018Morte e Vida Severina\u2019<\/p>\n<p>18h &#8211; Pra\u00e7a da Liberdade<\/p>\n<p>Dan\u00e7a<\/p>\n<p>CIA. M\u00c1RIO NASCIMENTO (MG)<\/p>\n<p>\u2018Dan\u00e7a de Brinquedo\u2019<\/p>\n<p>19h &#8211; Pra\u00e7a da Liberdade<\/p>\n<p>Premia\u00e7\u00e3o<\/p>\n<p>II MOSTRA GASTRON\u00d4MICA DO FIB<\/p>\n<p>19h30 &#8211; Pra\u00e7a da Liberdade<\/p>\n<p>M\u00fasica<\/p>\n<p>CATARSE RETR\u00d4 (MS)<\/p>\n<p>21h &#8211; Pra\u00e7a da Liberdade<\/p>\n<p>M\u00fasica<\/p>\n<p>ANAVIT\u00d3RIA (TO)<\/p>\n<p><strong>FIB 2018\/EXPOSI\u00c7\u00d5ES<\/strong><\/p>\n<p>QUINTA (26\/07)<\/p>\n<p>17h\/22h<\/p>\n<p>SEXTA (27\/07) A DOMINGO (29\/07)<\/p>\n<p>10h\/22h<\/p>\n<p>PRA\u00c7A DA LIBERDADE<\/p>\n<p>Galeria de Artes Visuais<\/p>\n<p>Bonito (MS)<\/p>\n<p>Exposi\u00e7\u00e3o<\/p>\n<p>A NATUREZA DO SER: NATUREZA GENU\u00cdNA, TRANSFORMADA E AMEA\u00c7ADA (Acervo MARCO)<\/p>\n<p>Mostra Coletiva<\/p>\n<p>TRANSMUTA\u00c7\u00c3O DA COR<\/p>\n<p>Exposi\u00e7\u00e3o<\/p>\n<p>Design\/Fotografia<\/p>\n<p>TEKOHA NHANDERU &#8211; ALDEIA DE DEUS<\/p>\n<p>QUINTA (26\/07) 17h\/19h<\/p>\n<p>SEXTA (27\/07) A DOMINGO (29\/07) 9h\/19h<\/p>\n<p>ESPA\u00c7O MADEIRAL<\/p>\n<p>Bonito (MS)<\/p>\n<p>Exposi\u00e7\u00e3o<\/p>\n<p>35 ANOS &#8211; SENTA QUE O LE\u00c3O \u00c9 MANSO (MS)<\/p>\n<p>QUINTA (26\/07) A DOMINGO (29\/07)<\/p>\n<p>PRA\u00c7A DA LIBERDADE<\/p>\n<p>Bonito (MS)<\/p>\n<p>16h\/18h<\/p>\n<p>Cozinha Show<\/p>\n<p>II MOSTRA GASTRON\u00d4MICA DO FIB<\/p>\n<p>18h30\/22h<\/p>\n<p>Astronomia<\/p>\n<p>CASA DE CI\u00caNCIA E CULTURA (UFMS)<\/p>\n<p>Observa\u00e7\u00e3o do C\u00e9u Noturno com Telesc\u00f3pio<\/p>\n<p><strong>FIB 2018\/ESTANDES<\/strong><\/p>\n<p>PRA\u00c7A DA LIBERDADE<\/p>\n<p>Bonito (MS)<\/p>\n<p>QUINTA (26\/07)<\/p>\n<p>17h\/22h<\/p>\n<p>SEXTA (27\/07) A DOMINGO (29\/07)<\/p>\n<p>10h\/22h<\/p>\n<p>COZINHA SHOW<\/p>\n<p>ECONOMIA CRIATIVA<\/p>\n<p>ESPA\u00c7O EDUCATIVO<\/p>\n<p>ESPA\u00c7O DA LITERATURA<\/p>\n<p>ESTANDE DA EDUCA\u00c7\u00c3O (SED)<\/p>\n<p>EXPOSI\u00c7\u00c3O TEKOHA NHANDERU<\/p>\n<p>GALERIA DE ARTES VISUAIS<\/p>\n<p>MEM\u00d3RIA FONOGR\u00c1FICA DE MS<\/p>\n<p>PAVILH\u00c3O DAS ARTES<\/p>\n<p>TENDA DA CIDADANIA<\/p>\n<p>TENDA DOS SABERES IND\u00cdGENAS<\/p>\n<p><strong>FIB 2018\/OFICINAS<\/strong><\/p>\n<p>Informa\u00e7\u00f5es: fibproducao@gmail.com<\/p>\n<p>Bonito (MS)<\/p>\n<p>MATEM\u00c1TICA NA PIPA (Prof\u00ba Wellington\/MS)<\/p>\n<p>MINIOFICINA DE V\u00cdDEO COM CELULAR (Na\u00edra Sohn\/MS)<\/p>\n<p>MOSAICO EM AZULEJOS (Leo Liguori Lopes\/MS)<\/p>\n<p>Ger\u00eancia de Artesanato (FCMS)<\/p>\n<p>ESTAMPARIA ARTESANAL (Paula Bueno\/MS)<\/p>\n<p>MODELAGEM RECREATIVA (Rodrigo Avalhaes\/MS)<\/p>\n<p>Ger\u00eancia de Difus\u00e3o Cultural (FCMS)<\/p>\n<p>BRINCADEIRAS TRADICIONAIS\/CONFEC\u00c7\u00c3O DE BRINQUEDOS<\/p>\n<p>(Ateli\u00ea Ramona Rodrigues\/MS)<\/p>\n<p>ESTUDOS PARA O CORPO CONTEMPOR\u00c2NEO (Jo\u00e3o Paulo Gross\/GO)<\/p>\n<p>OFICINA DE SKATE (Frederico Campos\/MS)<\/p>\n<p>PRODU\u00c7\u00c3O AUDIOVISUAL (Iv\u00e1n Molina\/BO)<\/p>\n<p>T\u00c9CNICAS CIRCENSES (Breno Moroni\/MS)<\/p>\n<p>SAMBA DOS MESTRES &#8211; PREPARA\u00c7\u00c3O DO CORTEJO CAVALO MARINHO<\/p>\n<p>(Grupo Camboi\/PE)<\/p>\n<p>Ger\u00eancia de Patrim\u00f4nio Cultural (FCMS)<\/p>\n<p>CINEMA (Marinete Pinheiro e Gabriel Lima\/MS)<\/p>\n<p>CONTA\u00c7\u00c3O DE HIST\u00d3RIAS ACESS\u00cdVEL (Ciro Ferreira\/MS)<\/p>\n<p>DESENHO E EMANCIPA\u00c7\u00c3O (Grupo de Pesquisa Pensar o Desenho\/UFMS)<\/p>\n<p>ESTENCIL EM CAMISETAS (Marilena Grolli\/MS)<\/p>\n<p>FOTOGRAFIA COM CELULAR (Alexandre Sogabe\/MS)<\/p>\n<p>IDENTIFICA\u00c7\u00c3O E RASTROS DE MAM\u00cdFEROS SILVESTRES<\/p>\n<p>(Maristela Benites e Simone Mamede\/MS)<\/p>\n<p>OFICINAS DE ARTES VISUAIS DA CONFRARIA SOCIARTISTA (MS)<\/p>\n<p>OFICINA DE GASTRONOMIA (Cozinha Show\/MS)<\/p>\n<p>OFICINA PARA CRIAN\u00c7AS (Educativo do Museu de Arte Contempor\u00e2nea de MS)<\/p>\n<p>Subsecretaria de Pol\u00edticas P\u00fablicas para a Popula\u00e7\u00e3o Ind\u00edgena<\/p>\n<p>GUARANI<\/p>\n<p>KADWEU<\/p>\n<p>KINIKINAU<\/p>\n<p>PLANTAS MEDICINAIS<\/p>\n<p>PINTURA EM TECIDO<\/p>\n<p>TERENA<\/p>\n<p>Subsecretaria de Pol\u00edticas P\u00fablicas para a Promo\u00e7\u00e3o da Igualdade Racial e Cidadania Distrito \u00c1guas do Miranda (MS)<\/p>\n<p>AMARRA\u00c7\u00c3O DE TURBANTES (Nara Nazareth)<\/p>\n<p>BONECAS NEGRAS (Nara Nazareth)<\/p>\n<p>CAPOEIRA (Mestre Gordinho)<\/p>\n<p><strong>FIB 2018\/ENDERE\u00c7OS<\/strong><\/p>\n<p>ASSENTAMENTO GUAICURUS<\/p>\n<p>Escola Municipal Rural Oz\u00f3rio Jacques \u2013 Zona Rural<\/p>\n<p>AUDIT\u00d3RIO DA SECTUR<\/p>\n<p>Rua Cel. Pillad Rebu\u00e1, 1780, centro<\/p>\n<p>CASA DA MEM\u00d3RIA RA\u00cdDA<\/p>\n<p>Rua 29 de Maio, 913, centro<\/p>\n<p>CENTRO DE M\u00daLTIPLO USO (CMU)<\/p>\n<p>Rua 24 de Fevereiro, s\/n<\/p>\n<p>ESPA\u00c7O MADEIRAL<\/p>\n<p>Rua 15 de Novembro, 675<\/p>\n<p>DISTRITO \u00c1GUAS DE MIRANDA<\/p>\n<p>Escola Municipal Rural \u00c1guas do Miranda \u2013 Zona Rural<\/p>\n<p>GALP\u00c3O CHAMA DE BONITO<\/p>\n<p>Rua 31 de Mar\u00e7o, 1671<\/p>\n<p>MARRU\u00c1 HOTEL<\/p>\n<p>Rua Joana Sorta, 1173<\/p>\n<p>PRA\u00c7A DA LIBERDADE<\/p>\n<p>Rua Cel. Pillad Rebu\u00e1, s\/n<\/p>\n<p>SEDE DO ROTA AVENTURA<\/p>\n<p>Rua Senador Filinto M\u00fcller, 803, centro, Bonito (MS)<\/p>\n<p>SECRETARIA DE TURISMO DE BONITO (SECTUR)<\/p>\n<p>Rua Cel. Pillad Rebu\u00e1, 1780, centro<\/p>\n<p><strong>FIB\/INFORMA\u00c7\u00d5ES<\/strong><\/p>\n<p>SITE FIB 2018<\/p>\n<p>www.festivaldeinvernodebonito.ms.gov.br<\/p>\n","protected":false},"excerpt":{"rendered":"<p>A organiza\u00e7\u00e3o da 19\u00aa edi\u00e7\u00e3o do Festival de Inverno de Bonito j\u00e1 divulgou a programa\u00e7\u00e3o&#8230;<\/p>\n","protected":false},"author":1,"featured_media":20113,"comment_status":"closed","ping_status":"closed","sticky":false,"template":"","format":"standard","meta":{"footnotes":""},"categories":[7],"tags":[],"class_list":["post-20112","post","type-post","status-publish","format-standard","has-post-thumbnail","hentry","category-cultura"],"_links":{"self":[{"href":"https:\/\/www.corumbaonline.com.br\/news\/wp-json\/wp\/v2\/posts\/20112","targetHints":{"allow":["GET"]}}],"collection":[{"href":"https:\/\/www.corumbaonline.com.br\/news\/wp-json\/wp\/v2\/posts"}],"about":[{"href":"https:\/\/www.corumbaonline.com.br\/news\/wp-json\/wp\/v2\/types\/post"}],"author":[{"embeddable":true,"href":"https:\/\/www.corumbaonline.com.br\/news\/wp-json\/wp\/v2\/users\/1"}],"replies":[{"embeddable":true,"href":"https:\/\/www.corumbaonline.com.br\/news\/wp-json\/wp\/v2\/comments?post=20112"}],"version-history":[{"count":1,"href":"https:\/\/www.corumbaonline.com.br\/news\/wp-json\/wp\/v2\/posts\/20112\/revisions"}],"predecessor-version":[{"id":20114,"href":"https:\/\/www.corumbaonline.com.br\/news\/wp-json\/wp\/v2\/posts\/20112\/revisions\/20114"}],"wp:featuredmedia":[{"embeddable":true,"href":"https:\/\/www.corumbaonline.com.br\/news\/wp-json\/wp\/v2\/media\/20113"}],"wp:attachment":[{"href":"https:\/\/www.corumbaonline.com.br\/news\/wp-json\/wp\/v2\/media?parent=20112"}],"wp:term":[{"taxonomy":"category","embeddable":true,"href":"https:\/\/www.corumbaonline.com.br\/news\/wp-json\/wp\/v2\/categories?post=20112"},{"taxonomy":"post_tag","embeddable":true,"href":"https:\/\/www.corumbaonline.com.br\/news\/wp-json\/wp\/v2\/tags?post=20112"}],"curies":[{"name":"wp","href":"https:\/\/api.w.org\/{rel}","templated":true}]}}