{"id":20142,"date":"2018-07-20T09:34:29","date_gmt":"2018-07-20T13:34:29","guid":{"rendered":"http:\/\/www.corumbaonline.com.br\/news\/?p=20142"},"modified":"2018-07-20T10:05:34","modified_gmt":"2018-07-20T14:05:34","slug":"seguranca-publica-anuncia-operacao-em-pontos-de-fronteira-em-9-estados","status":"publish","type":"post","link":"https:\/\/www.corumbaonline.com.br\/news\/seguranca-publica-anuncia-operacao-em-pontos-de-fronteira-em-9-estados\/","title":{"rendered":"Seguran\u00e7a P\u00fablica anuncia opera\u00e7\u00e3o em pontos de fronteira em 9 estados"},"content":{"rendered":"<p>Cerca de 300 integrantes da Pol\u00edcia Federal e da For\u00e7a Nacional refor\u00e7ar\u00e3o pontos de fronteira em nove estados por meio da Opera\u00e7\u00e3o Fronteira Segura, anunciada pelo minist\u00e9rio da Seguran\u00e7a P\u00fablica nesta quinta-feira (19).<\/p>\n<p>A distribui\u00e7\u00e3o do efetivo ser\u00e1 feita nos postos avan\u00e7ados de fronteira, conforme necessidade operacional e planejamento da PF, tendo como base a cidade de Campo Grande (MS), onde ser\u00e1 instalado o comando respons\u00e1vel pelo apoio operacional e administrativo. Os estados que receber\u00e3o efetivo inicialmente s\u00e3o Acre, Amap\u00e1, Amazonas, Mato Grosso do Sul, Par\u00e1, Paran\u00e1, Rond\u00f4nia, Roraima e Santa Catarina.<\/p>\n<p>O suporte da For\u00e7a Nacional \u00e0 PF nos postos de fronteira ser\u00e1 feito at\u00e9 o fim\u00a0de novembro, prazo que pode ser prorrogado. Al\u00e9m desses novos apoios em cidades como Oiapoque (AP), Tabatinga (AM), Epitaciol\u00e2ndia (AC), Guajar\u00e1-Mirim (MS) ou Para\u00edso (SC), a For\u00e7a Nacional j\u00e1 dava suporte \u00e0 PF, desde 2017, em Pacaraima (RR), Caarap\u00f3 (MS) e Foz do Igua\u00e7u (PR).<\/p>\n<p>A For\u00e7a Nacional \u00e9 um programa de coopera\u00e7\u00e3o federativa entre Uni\u00e3o, estados e Distrito Federal criado para prestar apoio aos entes federativos contra o crime e a viol\u00eancia em qualquer ponto do pa\u00eds. Ela \u00e9 coordenada pela Secretaria Nacional de Seguran\u00e7a P\u00fablica (Senasp), do Minist\u00e9rio da Seguran\u00e7a P\u00fablica (MSP), ao qual tamb\u00e9m \u00e9 subordinada a Pol\u00edcia Federal.<\/p>\n","protected":false},"excerpt":{"rendered":"<p>Cerca de 300 integrantes da Pol\u00edcia Federal e da For\u00e7a Nacional refor\u00e7ar\u00e3o pontos de fronteira&#8230;<\/p>\n","protected":false},"author":1,"featured_media":0,"comment_status":"closed","ping_status":"closed","sticky":false,"template":"","format":"standard","meta":{"footnotes":""},"categories":[14],"tags":[],"class_list":["post-20142","post","type-post","status-publish","format-standard","hentry","category-geral"],"_links":{"self":[{"href":"https:\/\/www.corumbaonline.com.br\/news\/wp-json\/wp\/v2\/posts\/20142","targetHints":{"allow":["GET"]}}],"collection":[{"href":"https:\/\/www.corumbaonline.com.br\/news\/wp-json\/wp\/v2\/posts"}],"about":[{"href":"https:\/\/www.corumbaonline.com.br\/news\/wp-json\/wp\/v2\/types\/post"}],"author":[{"embeddable":true,"href":"https:\/\/www.corumbaonline.com.br\/news\/wp-json\/wp\/v2\/users\/1"}],"replies":[{"embeddable":true,"href":"https:\/\/www.corumbaonline.com.br\/news\/wp-json\/wp\/v2\/comments?post=20142"}],"version-history":[{"count":1,"href":"https:\/\/www.corumbaonline.com.br\/news\/wp-json\/wp\/v2\/posts\/20142\/revisions"}],"predecessor-version":[{"id":20143,"href":"https:\/\/www.corumbaonline.com.br\/news\/wp-json\/wp\/v2\/posts\/20142\/revisions\/20143"}],"wp:attachment":[{"href":"https:\/\/www.corumbaonline.com.br\/news\/wp-json\/wp\/v2\/media?parent=20142"}],"wp:term":[{"taxonomy":"category","embeddable":true,"href":"https:\/\/www.corumbaonline.com.br\/news\/wp-json\/wp\/v2\/categories?post=20142"},{"taxonomy":"post_tag","embeddable":true,"href":"https:\/\/www.corumbaonline.com.br\/news\/wp-json\/wp\/v2\/tags?post=20142"}],"curies":[{"name":"wp","href":"https:\/\/api.w.org\/{rel}","templated":true}]}}