{"id":20167,"date":"2018-07-20T11:42:49","date_gmt":"2018-07-20T15:42:49","guid":{"rendered":"http:\/\/www.corumbaonline.com.br\/news\/?p=20167"},"modified":"2018-07-20T11:42:49","modified_gmt":"2018-07-20T15:42:49","slug":"puccinelli-pai-e-filho-devem-ficar-em-cela-onde-estao-outros-presos-da-lama-asfaltica","status":"publish","type":"post","link":"https:\/\/www.corumbaonline.com.br\/news\/puccinelli-pai-e-filho-devem-ficar-em-cela-onde-estao-outros-presos-da-lama-asfaltica\/","title":{"rendered":"Puccinelli pai e filho devem ficar em cela onde est\u00e3o outros presos da Lama Asf\u00e1ltica"},"content":{"rendered":"<p>Apesar de ter direito a cela especial por ser advogado, Andr\u00e9 Puccinelli J\u00fanior, optou por ficar detido junto com o pai, o ex-governador e pr\u00e9-candidato ao governo do Estado, Andr\u00e9 Puccinelli (MDB), no centro de triagem, onde est\u00e3o outros presos da Opera\u00e7\u00e3o Lama Asf\u00e1ltica.<\/p>\n<p>De acordo com a PF, Puccinelli, pai e filho, ser\u00e3o encaminhados para o Centro de Triagem, na Capital, e o advogado Jo\u00e3o Paulo Calves ainda espera vaga no pres\u00eddio Militar, no complexo Penitenci\u00e1rio de Campo Grande.<\/p>\n<p>Os tr\u00eas foram presos na manh\u00e3 desta sexta-feira (20), por determina\u00e7\u00e3o da 3\u00aa Vara da Justi\u00e7a Federal de Campo Grande, acusados do crime de lavagem de dinheiro.<\/p>\n<figure id=\"attachment_874162\" class=\"wp-caption aligncenter\">\n<p><figure id=\"attachment_874162\" aria-describedby=\"caption-attachment-874162\" style=\"width: 320px\" class=\"wp-caption aligncenter\"><img loading=\"lazy\" decoding=\"async\" class=\"wp-image-874162 size-medium\" src=\"https:\/\/cdn.midiamax.com.br\/elasticbeanstalk-us-west-2-809048387867\/uploads\/2018\/07\/puccinelli-junior-e-joao-paulo-calves-320x258.jpg\" sizes=\"auto, (max-width: 320px) 100vw, 320px\" srcset=\"https:\/\/cdn.midiamax.com.br\/elasticbeanstalk-us-west-2-809048387867\/uploads\/2018\/07\/puccinelli-junior-e-joao-paulo-calves-320x258.jpg 320w, https:\/\/cdn.midiamax.com.br\/elasticbeanstalk-us-west-2-809048387867\/uploads\/2018\/07\/puccinelli-junior-e-joao-paulo-calves.jpg 468w\" alt=\"\" width=\"320\" height=\"258\" \/><figcaption id=\"caption-attachment-874162\" class=\"wp-caption-text\">Andr\u00e9 Junior e Jo\u00e3o Paulo Calves tamb\u00e9m foram presos pela PF (Foto: Reprodu\u00e7\u00e3o\/Arquivo Pessoal\/Facebook)<\/figcaption><\/figure><\/figure>\n<p>Segundo a Pol\u00edcia Federal, as pris\u00f5es de hoje foram determinadas depois que as investiga\u00e7\u00f5es, feitas em conjunto com Receita Federal e CGU (Controladoria-Geral da Uni\u00e3o), encontrou provas na empresa de Puccinelli J\u00fanior, Instituto \u00cdcone do Direito, do dinheiro oriundo da JBS, supostamente fruto de propina.<\/p>\n","protected":false},"excerpt":{"rendered":"<p>Apesar de ter direito a cela especial por ser advogado, Andr\u00e9 Puccinelli J\u00fanior, optou por&#8230;<\/p>\n","protected":false},"author":1,"featured_media":20168,"comment_status":"closed","ping_status":"closed","sticky":false,"template":"","format":"standard","meta":{"footnotes":""},"categories":[19],"tags":[],"class_list":["post-20167","post","type-post","status-publish","format-standard","has-post-thumbnail","hentry","category-politica"],"_links":{"self":[{"href":"https:\/\/www.corumbaonline.com.br\/news\/wp-json\/wp\/v2\/posts\/20167","targetHints":{"allow":["GET"]}}],"collection":[{"href":"https:\/\/www.corumbaonline.com.br\/news\/wp-json\/wp\/v2\/posts"}],"about":[{"href":"https:\/\/www.corumbaonline.com.br\/news\/wp-json\/wp\/v2\/types\/post"}],"author":[{"embeddable":true,"href":"https:\/\/www.corumbaonline.com.br\/news\/wp-json\/wp\/v2\/users\/1"}],"replies":[{"embeddable":true,"href":"https:\/\/www.corumbaonline.com.br\/news\/wp-json\/wp\/v2\/comments?post=20167"}],"version-history":[{"count":1,"href":"https:\/\/www.corumbaonline.com.br\/news\/wp-json\/wp\/v2\/posts\/20167\/revisions"}],"predecessor-version":[{"id":20169,"href":"https:\/\/www.corumbaonline.com.br\/news\/wp-json\/wp\/v2\/posts\/20167\/revisions\/20169"}],"wp:featuredmedia":[{"embeddable":true,"href":"https:\/\/www.corumbaonline.com.br\/news\/wp-json\/wp\/v2\/media\/20168"}],"wp:attachment":[{"href":"https:\/\/www.corumbaonline.com.br\/news\/wp-json\/wp\/v2\/media?parent=20167"}],"wp:term":[{"taxonomy":"category","embeddable":true,"href":"https:\/\/www.corumbaonline.com.br\/news\/wp-json\/wp\/v2\/categories?post=20167"},{"taxonomy":"post_tag","embeddable":true,"href":"https:\/\/www.corumbaonline.com.br\/news\/wp-json\/wp\/v2\/tags?post=20167"}],"curies":[{"name":"wp","href":"https:\/\/api.w.org\/{rel}","templated":true}]}}