{"id":20172,"date":"2018-07-20T12:00:52","date_gmt":"2018-07-20T16:00:52","guid":{"rendered":"http:\/\/www.corumbaonline.com.br\/news\/?p=20172"},"modified":"2018-07-21T21:55:30","modified_gmt":"2018-07-22T01:55:30","slug":"pdt-lanca-candidatura-de-ciro-gomes-a-presidente","status":"publish","type":"post","link":"https:\/\/www.corumbaonline.com.br\/news\/pdt-lanca-candidatura-de-ciro-gomes-a-presidente\/","title":{"rendered":"PDT lan\u00e7a candidatura de Ciro Gomes a presidente"},"content":{"rendered":"<p>O PDT confirmou hoje a candidatura de Ciro Gomes \u00e0 Presid\u00eancia da Rep\u00fablica, na conven\u00e7\u00e3o nacional que reuniu filiados do partido. \u201cCiro tem a responsabilidade de ser a s\u00edntese do Brasil soberano, mais justo e mais soberano\u201d, afirmou o presidente do PDT, Carlos Lupi.<\/p>\n<p>A conven\u00e7\u00e3o reuniu integrantes do Diret\u00f3rio Nacional e do Conselho Pol\u00edtico, representantes de movimentos sociais vinculados ao partido, senadores, deputados federais e estaduais, delegados e presidentes das comiss\u00f5es provis\u00f3rias.<\/p>\n<p>O partido n\u00e3o definiu o candidato a vice-presidente nem as demais legendas que integrar\u00e3o a chapa de Ciro Gomes.<\/p>\n<p>A expectativa da c\u00fapula do PDT \u00e9 que a elei\u00e7\u00e3o presidencial alavanque o partido nos estados. Lupi tem falado em eleger este ano uma bancada de pelo menos 40 deputados federais. Atualmente o partido tem 19 deputados federais e tr\u00eas senadores.<\/p>\n<p>At\u00e9 agora, o PDT tem oito nomes para disputar os governos estaduais: Waldez G\u00f3es (AP), L\u00edgia Feliciano (PB), Carlos Eduardo Alves (RN), Jairo Jorge (RS), Pedro Fernandes (RJ), Acir Gurgacz (RO), Odilon de Oliveira (MS) e Osmar Dias (PR).<\/p>\n<h2>Perfil<\/h2>\n<p>Esta \u00e9 a terceira vez que Ciro Gomes ser\u00e1 candidato \u00e0 Presid\u00eancia da Rep\u00fablica: em 1998 e 2002, ele concorreu pelo PPS. Natural de Pindamonhangaba (SP), construiu sua carreira pol\u00edtica no Cear\u00e1, onde foi prefeito de Fortaleza, eleito em 1988, e governador do estado, eleito em 1990. Renunciou ao cargo de governador, em 1994, para assumir o Minist\u00e9rio da Fazenda, no governo Itamar Franco (1992-1994), por indica\u00e7\u00e3o do PSDB, seu partido na \u00e9poca.<\/p>\n<p>Ciro Gomes foi ministro da Integra\u00e7\u00e3o Nacional de 2003 a 2006, no governo do ex-presidente Lula, e tocou o projeto de Transposi\u00e7\u00e3o do Rio S\u00e3o Francisco. Deixou a Esplanada dos Minist\u00e9rios para concorrer a deputado federal e foi eleito. Tamb\u00e9m exerceu dois mandatos de deputado estadual no Cear\u00e1. Tem 60 anos e quatro filho.<\/p>\n","protected":false},"excerpt":{"rendered":"<p>O PDT confirmou hoje a candidatura de Ciro Gomes \u00e0 Presid\u00eancia da Rep\u00fablica, na conven\u00e7\u00e3o&#8230;<\/p>\n","protected":false},"author":1,"featured_media":20173,"comment_status":"closed","ping_status":"closed","sticky":false,"template":"","format":"standard","meta":{"footnotes":""},"categories":[101,19],"tags":[],"class_list":["post-20172","post","type-post","status-publish","format-standard","has-post-thumbnail","hentry","category-eleicoes","category-politica"],"_links":{"self":[{"href":"https:\/\/www.corumbaonline.com.br\/news\/wp-json\/wp\/v2\/posts\/20172","targetHints":{"allow":["GET"]}}],"collection":[{"href":"https:\/\/www.corumbaonline.com.br\/news\/wp-json\/wp\/v2\/posts"}],"about":[{"href":"https:\/\/www.corumbaonline.com.br\/news\/wp-json\/wp\/v2\/types\/post"}],"author":[{"embeddable":true,"href":"https:\/\/www.corumbaonline.com.br\/news\/wp-json\/wp\/v2\/users\/1"}],"replies":[{"embeddable":true,"href":"https:\/\/www.corumbaonline.com.br\/news\/wp-json\/wp\/v2\/comments?post=20172"}],"version-history":[{"count":1,"href":"https:\/\/www.corumbaonline.com.br\/news\/wp-json\/wp\/v2\/posts\/20172\/revisions"}],"predecessor-version":[{"id":20174,"href":"https:\/\/www.corumbaonline.com.br\/news\/wp-json\/wp\/v2\/posts\/20172\/revisions\/20174"}],"wp:featuredmedia":[{"embeddable":true,"href":"https:\/\/www.corumbaonline.com.br\/news\/wp-json\/wp\/v2\/media\/20173"}],"wp:attachment":[{"href":"https:\/\/www.corumbaonline.com.br\/news\/wp-json\/wp\/v2\/media?parent=20172"}],"wp:term":[{"taxonomy":"category","embeddable":true,"href":"https:\/\/www.corumbaonline.com.br\/news\/wp-json\/wp\/v2\/categories?post=20172"},{"taxonomy":"post_tag","embeddable":true,"href":"https:\/\/www.corumbaonline.com.br\/news\/wp-json\/wp\/v2\/tags?post=20172"}],"curies":[{"name":"wp","href":"https:\/\/api.w.org\/{rel}","templated":true}]}}