{"id":20179,"date":"2018-07-20T13:30:24","date_gmt":"2018-07-20T17:30:24","guid":{"rendered":"http:\/\/www.corumbaonline.com.br\/news\/?p=20179"},"modified":"2018-07-21T21:55:14","modified_gmt":"2018-07-22T01:55:14","slug":"pdt-deve-oficializar-empresario-a-vice-de-odilon-no-sabado","status":"publish","type":"post","link":"https:\/\/www.corumbaonline.com.br\/news\/pdt-deve-oficializar-empresario-a-vice-de-odilon-no-sabado\/","title":{"rendered":"PDT deve oficializar empres\u00e1rio a vice de Odilon no s\u00e1bado"},"content":{"rendered":"<p>O empres\u00e1rio Herbert Assun\u00e7\u00e3o, ex-secret\u00e1rio executivo da Fapec (Funda\u00e7\u00e3o de Apoio \u00e0 Pesquisa ao Ensino e \u00e0 Cultura), ser\u00e1 oficializado vice na chapa do pr\u00e9-candidato ao governo pelo PDT, Odilon de Oliveira, na conven\u00e7\u00e3o do partido no pr\u00f3ximo s\u00e1bado (21),\u00a0<a href=\"https:\/\/www.midiamax.com.br\/politica\/2018\/depois-de-pastor-do-psb-e-reni-empresario-pode-ser-vice-na-chapa-de-odilon\/\">conforme j\u00e1 havia adiantado o Jornal Midiamax<\/a>.<\/p>\n<p>A informa\u00e7\u00e3o foi confirmada pelo ex-presidente regional da sigla e coordenador de campanha do juiz federal aposentado, Jo\u00e3o leite Schmidt. \u201cVamos confirmar o nome do Herbert\u201d, anunciou.<\/p>\n<p>O empres\u00e1rio participou de reuni\u00e3o ao lado de Odilon, Schmidt e do deputado federal e postulante \u00e0 reelei\u00e7\u00e3o, Dagoberto Nogueira, no \u00faltimo dia 5 de julho. Na ocasi\u00e3o, o juiz federal endossou a prefer\u00eancia por um candidato \u2018ficha-limpa\u2019. \u201cSe n\u00e3o tiver ficha nenhuma, melhor ainda\u201d, ponderou \u00e0 \u00e9poca.<\/p>\n<p>Dividido entre Odilon e Reinaldo Azambuja (PSDB), o apoio do PSB do deputado federal Elizeu Dionizio, cujo pai, Ant\u00f4nio Dionizio (PSB), j\u00e1 esteve entre os cotados a vice na chapa do juiz federal, ainda n\u00e3o foi descartado, segundo Schmidt. \u201cN\u00f3s temos conversado sempre, como conversamos com todos\u201d, disse.<\/p>\n<p><strong>Bancada<\/strong><\/p>\n<p>Com a j\u00e1 confirmada alian\u00e7a com o Podemos, do pr\u00e9-candidato ao senado e ex-presidente da Acrissul (Associa\u00e7\u00e3o dos Criadores de Mato Grosso do Sul, Chico Maia, a coliga\u00e7\u00e3o deve apresentar o n\u00famero m\u00e1ximo de candidatos ao parlamento permitidos pelo TSE (Tribunal Superior Eleitoral), 16 deputados federais e 48 estaduais, dobro do n\u00famero de vagas dispon\u00edveis para as casas legisativas.<\/p>\n<p>\u201cO Podemos vai lan\u00e7ar 48 deputados estaduais e vai vir de l\u00e1 5 candidatos a deputados federais para somar com os nossos\u201d, disse. \u201cAqui estamos arrumando porque alguns partidos vir\u00e3o trazendo 5 ou 6 e temos que deixar algum espa\u00e7o\u201d, completou o dirigente.<\/p>\n","protected":false},"excerpt":{"rendered":"<p>O empres\u00e1rio Herbert Assun\u00e7\u00e3o, ex-secret\u00e1rio executivo da Fapec (Funda\u00e7\u00e3o de Apoio \u00e0 Pesquisa ao Ensino&#8230;<\/p>\n","protected":false},"author":1,"featured_media":0,"comment_status":"closed","ping_status":"closed","sticky":false,"template":"","format":"standard","meta":{"footnotes":""},"categories":[101,19],"tags":[],"class_list":["post-20179","post","type-post","status-publish","format-standard","hentry","category-eleicoes","category-politica"],"_links":{"self":[{"href":"https:\/\/www.corumbaonline.com.br\/news\/wp-json\/wp\/v2\/posts\/20179","targetHints":{"allow":["GET"]}}],"collection":[{"href":"https:\/\/www.corumbaonline.com.br\/news\/wp-json\/wp\/v2\/posts"}],"about":[{"href":"https:\/\/www.corumbaonline.com.br\/news\/wp-json\/wp\/v2\/types\/post"}],"author":[{"embeddable":true,"href":"https:\/\/www.corumbaonline.com.br\/news\/wp-json\/wp\/v2\/users\/1"}],"replies":[{"embeddable":true,"href":"https:\/\/www.corumbaonline.com.br\/news\/wp-json\/wp\/v2\/comments?post=20179"}],"version-history":[{"count":1,"href":"https:\/\/www.corumbaonline.com.br\/news\/wp-json\/wp\/v2\/posts\/20179\/revisions"}],"predecessor-version":[{"id":20180,"href":"https:\/\/www.corumbaonline.com.br\/news\/wp-json\/wp\/v2\/posts\/20179\/revisions\/20180"}],"wp:attachment":[{"href":"https:\/\/www.corumbaonline.com.br\/news\/wp-json\/wp\/v2\/media?parent=20179"}],"wp:term":[{"taxonomy":"category","embeddable":true,"href":"https:\/\/www.corumbaonline.com.br\/news\/wp-json\/wp\/v2\/categories?post=20179"},{"taxonomy":"post_tag","embeddable":true,"href":"https:\/\/www.corumbaonline.com.br\/news\/wp-json\/wp\/v2\/tags?post=20179"}],"curies":[{"name":"wp","href":"https:\/\/api.w.org\/{rel}","templated":true}]}}