{"id":20193,"date":"2018-07-21T12:10:32","date_gmt":"2018-07-21T16:10:32","guid":{"rendered":"http:\/\/www.corumbaonline.com.br\/news\/?p=20193"},"modified":"2018-07-21T14:02:40","modified_gmt":"2018-07-21T18:02:40","slug":"inss-convoca-178-mil-segurados-para-pericia","status":"publish","type":"post","link":"https:\/\/www.corumbaonline.com.br\/news\/inss-convoca-178-mil-segurados-para-pericia\/","title":{"rendered":"INSS convoca 178 mil segurados para per\u00edcia"},"content":{"rendered":"<p>O Instituto Nacional de Seguridade Social (INSS) divulgou edital de convoca\u00e7\u00e3o de benefici\u00e1rios de aux\u00edlio-doen\u00e7a e aposentados por invalidez para realiza\u00e7\u00e3o de per\u00edcia m\u00e9dica para revis\u00e3o do benef\u00edcio.<\/p>\n<p>Em publica\u00e7\u00e3o no\u00a0<em>Di\u00e1rio Oficial<\/em>,\u00a0<a href=\"http:\/\/www.imprensanacional.gov.br\/web\/guest\/materia\/-\/asset_publisher\/Kujrw0TZC2Mb\/content\/id\/33534269\/do3-2018-07-20-edital-de-convocacao-33534210\">foram convocadas<\/a>\u00a0mais de 178 mil pessoas. O segurado tem at\u00e9 o dia 13 de agosto para fazer o agendamento pelo telefone 135.<\/p>\n<p>No dia da per\u00edcia, o benefici\u00e1rio deve apresentar documenta\u00e7\u00e3o m\u00e9dica dispon\u00edvel, como atestados, laudos, receitas e exames. Quem n\u00e3o agendar a per\u00edcia at\u00e9 13 de agosto ter\u00e1 o benef\u00edcio cancelado. Do total de convocados, 168.523 s\u00e3o de aposentados por invalidez e 10.412 s\u00e3o benefici\u00e1rios do aux\u00edlio-doen\u00e7a.<\/p>\n<p>Segundo a publica\u00e7\u00e3o oficial, a convoca\u00e7\u00e3o foi feita porque o INSS n\u00e3o conseguiu encontrar alguns dos benefici\u00e1rios no endere\u00e7o informado no cadastro do Sistema \u00danico de Benef\u00edcios (SUB), ou porque, no pr\u00f3prio cadastro, n\u00e3o havia informa\u00e7\u00f5es suficientes para o envio da correspond\u00eancia.<\/p>\n","protected":false},"excerpt":{"rendered":"<p>O Instituto Nacional de Seguridade Social (INSS) divulgou edital de convoca\u00e7\u00e3o de benefici\u00e1rios de aux\u00edlio-doen\u00e7a&#8230;<\/p>\n","protected":false},"author":1,"featured_media":0,"comment_status":"closed","ping_status":"closed","sticky":false,"template":"","format":"standard","meta":{"footnotes":""},"categories":[21],"tags":[],"class_list":["post-20193","post","type-post","status-publish","format-standard","hentry","category-saude"],"_links":{"self":[{"href":"https:\/\/www.corumbaonline.com.br\/news\/wp-json\/wp\/v2\/posts\/20193","targetHints":{"allow":["GET"]}}],"collection":[{"href":"https:\/\/www.corumbaonline.com.br\/news\/wp-json\/wp\/v2\/posts"}],"about":[{"href":"https:\/\/www.corumbaonline.com.br\/news\/wp-json\/wp\/v2\/types\/post"}],"author":[{"embeddable":true,"href":"https:\/\/www.corumbaonline.com.br\/news\/wp-json\/wp\/v2\/users\/1"}],"replies":[{"embeddable":true,"href":"https:\/\/www.corumbaonline.com.br\/news\/wp-json\/wp\/v2\/comments?post=20193"}],"version-history":[{"count":1,"href":"https:\/\/www.corumbaonline.com.br\/news\/wp-json\/wp\/v2\/posts\/20193\/revisions"}],"predecessor-version":[{"id":20194,"href":"https:\/\/www.corumbaonline.com.br\/news\/wp-json\/wp\/v2\/posts\/20193\/revisions\/20194"}],"wp:attachment":[{"href":"https:\/\/www.corumbaonline.com.br\/news\/wp-json\/wp\/v2\/media?parent=20193"}],"wp:term":[{"taxonomy":"category","embeddable":true,"href":"https:\/\/www.corumbaonline.com.br\/news\/wp-json\/wp\/v2\/categories?post=20193"},{"taxonomy":"post_tag","embeddable":true,"href":"https:\/\/www.corumbaonline.com.br\/news\/wp-json\/wp\/v2\/tags?post=20193"}],"curies":[{"name":"wp","href":"https:\/\/api.w.org\/{rel}","templated":true}]}}