{"id":20205,"date":"2018-07-22T10:00:31","date_gmt":"2018-07-22T14:00:31","guid":{"rendered":"http:\/\/www.corumbaonline.com.br\/news\/?p=20205"},"modified":"2018-07-22T10:25:10","modified_gmt":"2018-07-22T14:25:10","slug":"psl-faz-convencao-neste-domingo-para-lancar-candidatura-de-bolsonaro","status":"publish","type":"post","link":"https:\/\/www.corumbaonline.com.br\/news\/psl-faz-convencao-neste-domingo-para-lancar-candidatura-de-bolsonaro\/","title":{"rendered":"PSL faz conven\u00e7\u00e3o neste domingo para lan\u00e7ar candidatura de Bolsonaro"},"content":{"rendered":"<p>O Partido Social Liberal (PSL) faz hoje (22), no Rio de Janeiro, conven\u00e7\u00e3o nacional para lan\u00e7ar a candidatura do deputado federal Jair Bolsonaro \u00e0 Presid\u00eancia da Rep\u00fablica. \u00c9 esperado o an\u00fancio de quem ir\u00e1 compor a chapa com o parlamentar. A advogada Jana\u00edna Paschoal sinalizou, na sua conta no Twitter, que tem disposi\u00e7\u00e3o de ser vice na chapa encabe\u00e7ada pelo parlamentar.<\/p>\n<p>Na\u00a0<span id=\"OBJ_PREFIX_DWT932_com_zimbra_date\"><span id=\"OBJ_PREFIX_DWT935_com_zimbra_date\">quarta<\/span><\/span>-feira passada (18), o Partido Republicano Progressista (PRP), ao qual o general Augusto Heleno \u00e9 filiado, se recusou a indicar o militar para vice. Antes disso, o PR tinha descartado a indica\u00e7\u00e3o do senador Magno Malta (PR) para compor a chapa com Bolsonaro.<\/p>\n<div>\n<p>Al\u00e9m da confirma\u00e7\u00e3o do candidato \u00e0 Presid\u00eancia, ser\u00e1 realizada tamb\u00e9m a Conven\u00e7\u00e3o Estadual para lan\u00e7amento das chapas para deputados estaduais e federais e do nome de Fl\u00e1vio Bolsonaro (atualmente no segundo mandato como depuado estadual pelo Rio de Janeiro) para a disputa ao Senado.<\/p>\n<p>Os trabalhos da Conven\u00e7\u00e3o ser\u00e3o conduzidos pelo presidente nacional do partido Gustavo Bebianno e pelo vice, Julian Lemos. J\u00e1 est\u00e3o confirmadas as participa\u00e7\u00f5es de correligion\u00e1rios e dirigentes partid\u00e1rios de todos os estados. O t\u00e9rmino das conven\u00e7\u00f5es est\u00e1 previsto para \u00e0s 17h.<\/p>\n<p>Os organizadores estimam a presen\u00e7a de, aproximadamente, 2,5 mil\u00a0pessoas de diversos estados do pa\u00eds. Foram instalados tel\u00f5es no espa\u00e7o do Centro de Conven\u00e7\u00f5es Sulam\u00e9rica, na Cidade Nova, regi\u00e3o central do Rio, para que os participantes possam acompanhar melhor a programa\u00e7\u00e3o e os discursos. A programa\u00e7\u00e3o poder\u00e1 ser assistida tamb\u00e9m por meio das redes sociais do partido e da fam\u00edlia do deputado.<\/p>\n<p>Jair Messias Bolsonaro, 63 anos, foi o candidato a deputado federal mais votado no Rio<span id=\"OBJ_PREFIX_DWT933_com_zimbra_date\">\u00a0de Janeiro<\/span>, nas elei\u00e7\u00f5es de 2014, com 464 mil votos. Casado tr\u00eas vezes, tem cinco filhos e uma carreira de 25 anos ininterruptos no Congresso.<\/p>\n<\/div>\n","protected":false},"excerpt":{"rendered":"<p>O Partido Social Liberal (PSL) faz hoje (22), no Rio de Janeiro, conven\u00e7\u00e3o nacional para&#8230;<\/p>\n","protected":false},"author":1,"featured_media":0,"comment_status":"closed","ping_status":"closed","sticky":false,"template":"","format":"standard","meta":{"footnotes":""},"categories":[101],"tags":[],"class_list":["post-20205","post","type-post","status-publish","format-standard","hentry","category-eleicoes"],"_links":{"self":[{"href":"https:\/\/www.corumbaonline.com.br\/news\/wp-json\/wp\/v2\/posts\/20205","targetHints":{"allow":["GET"]}}],"collection":[{"href":"https:\/\/www.corumbaonline.com.br\/news\/wp-json\/wp\/v2\/posts"}],"about":[{"href":"https:\/\/www.corumbaonline.com.br\/news\/wp-json\/wp\/v2\/types\/post"}],"author":[{"embeddable":true,"href":"https:\/\/www.corumbaonline.com.br\/news\/wp-json\/wp\/v2\/users\/1"}],"replies":[{"embeddable":true,"href":"https:\/\/www.corumbaonline.com.br\/news\/wp-json\/wp\/v2\/comments?post=20205"}],"version-history":[{"count":1,"href":"https:\/\/www.corumbaonline.com.br\/news\/wp-json\/wp\/v2\/posts\/20205\/revisions"}],"predecessor-version":[{"id":20206,"href":"https:\/\/www.corumbaonline.com.br\/news\/wp-json\/wp\/v2\/posts\/20205\/revisions\/20206"}],"wp:attachment":[{"href":"https:\/\/www.corumbaonline.com.br\/news\/wp-json\/wp\/v2\/media?parent=20205"}],"wp:term":[{"taxonomy":"category","embeddable":true,"href":"https:\/\/www.corumbaonline.com.br\/news\/wp-json\/wp\/v2\/categories?post=20205"},{"taxonomy":"post_tag","embeddable":true,"href":"https:\/\/www.corumbaonline.com.br\/news\/wp-json\/wp\/v2\/tags?post=20205"}],"curies":[{"name":"wp","href":"https:\/\/api.w.org\/{rel}","templated":true}]}}