{"id":20207,"date":"2018-07-22T10:10:58","date_gmt":"2018-07-22T14:10:58","guid":{"rendered":"http:\/\/www.corumbaonline.com.br\/news\/?p=20207"},"modified":"2018-07-22T10:29:51","modified_gmt":"2018-07-22T14:29:51","slug":"psol-confirma-boulos-como-candidato-a-presidencia-da-republica","status":"publish","type":"post","link":"https:\/\/www.corumbaonline.com.br\/news\/psol-confirma-boulos-como-candidato-a-presidencia-da-republica\/","title":{"rendered":"PSOL confirma Boulos como candidato \u00e0 Presid\u00eancia da Rep\u00fablica"},"content":{"rendered":"<p>O coordenador nacional do Movimento dos Trabalhadores Sem-Teto (MTST), Guilherme Boulos, foi lan\u00e7ado <span id=\"OBJ_PREFIX_DWT1246_com_zimbra_date\"><span id=\"OBJ_PREFIX_DWT1249_com_zimbra_date\">ontem <\/span><\/span>(21) candidato \u00e0 Presid\u00eancia da Rep\u00fablica pelo PSOL, na conven\u00e7\u00e3o nacional em S\u00e3o Paulo. Tamb\u00e9m foi homologado o nome de S\u00f4nia Guajajara, representante do povo ind\u00edgena, para vice-presidente. O PSOL aprovou alian\u00e7a alian\u00e7a com o Partido Comunista Brasileiro (PCB).<\/p>\n<p>Para um p\u00fablico formado por integrantes do MTST, movimentos sociais e representantes dos povos ind\u00edgenas, Boulos destacou que ir\u00e1 defender temas que pertencem aos princ\u00edpios do partido, como o direito ao aborto e \u00e0 desmilitariza\u00e7\u00e3o da pol\u00edcia.<\/p>\n<p>\u201cN\u00e3o teremos medo de defender o direito ao aborto neste pa\u00eds, porque \u00e9 um tema de sa\u00fade p\u00fablica, e precisamos defender o direito \u00e0 vida das mulheres, principalmente as mais pobres. Tamb\u00e9m vamos combater o genoc\u00eddio da juventude negra, revendo o modelo de seguran\u00e7a p\u00fablica. O que n\u00e3o podemos \u00e9 legalizar a distribui\u00e7\u00e3o de armas neste pa\u00eds\u201d, disse.<\/p>\n<p>Em v\u00e1rios momentos, ressaltou a necessidade das investiga\u00e7\u00f5es sobre a morte da vereadora Marielle Franco (PSOL-RJ), assassinada em mar\u00e7o deste ano no Rio de Janeiro, ao lado do motorista Anderson Gomes.\u00a0 &#8220;Enquanto n\u00e3o houver justi\u00e7a, a democracia brasileira permanecer\u00e1 manchada.&#8221;<\/p>\n<h2>Elei\u00e7\u00f5es<\/h2>\n<p>Boulos defendeu a liberdade e o direito do ex-presidente Luiz In\u00e1cio Lula da Silva (PT) ser candidato. \u201cN\u00f3s defendemos o direito de Lula ser candidato \u00e0 Presid\u00eancia da Rep\u00fablica porque entendemos que foi v\u00edtima de uma condena\u00e7\u00e3o injusta e que\u00a0<span id=\"OBJ_PREFIX_DWT1247_com_zimbra_date\"><span id=\"OBJ_PREFIX_DWT1250_com_zimbra_date\">hoje<\/span><\/span>sofre uma pris\u00e3o pol\u00edtica para retir\u00e1-lo do processo eleitoral\u201d, afirmou.<\/p>\n<p>Ao comentar a alian\u00e7a com o PCB e os movimentos sociais, Boulos criticou advers\u00e1rios. Segundo ele, muitos buscam alian\u00e7as somente para conquistar maior tempo no hor\u00e1rio eleitoral gratuito. \u201cFazem um verdadeiro balc\u00e3o de neg\u00f3cios. N\u00f3s preferimos governar tendo todos estes partidos na oposi\u00e7\u00e3o.\u201d<\/p>\n<p>O presidente nacional do PSOL, Juliano Medeiros, disse que o partido poder\u00e1 ter 23 segundos no hor\u00e1rio eleitoral gratuito. \u201cVamos compensar com nossa milit\u00e2ncia nas ruas e uma plataforma colaborativa nas redes virtuais, que formar\u00e3o grupos de a\u00e7\u00e3o em v\u00e1rios estados\u201d, disse Boulos.<\/p>\n","protected":false},"excerpt":{"rendered":"<p>O coordenador nacional do Movimento dos Trabalhadores Sem-Teto (MTST), Guilherme Boulos, foi lan\u00e7ado ontem (21)&#8230;<\/p>\n","protected":false},"author":1,"featured_media":20208,"comment_status":"closed","ping_status":"closed","sticky":false,"template":"","format":"standard","meta":{"footnotes":""},"categories":[101],"tags":[],"class_list":["post-20207","post","type-post","status-publish","format-standard","has-post-thumbnail","hentry","category-eleicoes"],"_links":{"self":[{"href":"https:\/\/www.corumbaonline.com.br\/news\/wp-json\/wp\/v2\/posts\/20207","targetHints":{"allow":["GET"]}}],"collection":[{"href":"https:\/\/www.corumbaonline.com.br\/news\/wp-json\/wp\/v2\/posts"}],"about":[{"href":"https:\/\/www.corumbaonline.com.br\/news\/wp-json\/wp\/v2\/types\/post"}],"author":[{"embeddable":true,"href":"https:\/\/www.corumbaonline.com.br\/news\/wp-json\/wp\/v2\/users\/1"}],"replies":[{"embeddable":true,"href":"https:\/\/www.corumbaonline.com.br\/news\/wp-json\/wp\/v2\/comments?post=20207"}],"version-history":[{"count":1,"href":"https:\/\/www.corumbaonline.com.br\/news\/wp-json\/wp\/v2\/posts\/20207\/revisions"}],"predecessor-version":[{"id":20209,"href":"https:\/\/www.corumbaonline.com.br\/news\/wp-json\/wp\/v2\/posts\/20207\/revisions\/20209"}],"wp:featuredmedia":[{"embeddable":true,"href":"https:\/\/www.corumbaonline.com.br\/news\/wp-json\/wp\/v2\/media\/20208"}],"wp:attachment":[{"href":"https:\/\/www.corumbaonline.com.br\/news\/wp-json\/wp\/v2\/media?parent=20207"}],"wp:term":[{"taxonomy":"category","embeddable":true,"href":"https:\/\/www.corumbaonline.com.br\/news\/wp-json\/wp\/v2\/categories?post=20207"},{"taxonomy":"post_tag","embeddable":true,"href":"https:\/\/www.corumbaonline.com.br\/news\/wp-json\/wp\/v2\/tags?post=20207"}],"curies":[{"name":"wp","href":"https:\/\/api.w.org\/{rel}","templated":true}]}}