{"id":20219,"date":"2018-07-22T10:47:07","date_gmt":"2018-07-22T14:47:07","guid":{"rendered":"http:\/\/www.corumbaonline.com.br\/news\/?p=20219"},"modified":"2018-07-22T10:58:51","modified_gmt":"2018-07-22T14:58:51","slug":"avante-nao-tera-candidato-proprio-na-disputa-a-presidencia","status":"publish","type":"post","link":"https:\/\/www.corumbaonline.com.br\/news\/avante-nao-tera-candidato-proprio-na-disputa-a-presidencia\/","title":{"rendered":"Avante n\u00e3o ter\u00e1 candidato pr\u00f3prio na disputa \u00e0 Presid\u00eancia"},"content":{"rendered":"<p>Em conven\u00e7\u00e3o nacional, o Avante decidiu <span id=\"OBJ_PREFIX_DWT740_com_zimbra_date\"><span id=\"OBJ_PREFIX_DWT745_com_zimbra_date\">ontem <\/span><\/span>(21) que n\u00e3o\u00a0<span id=\"OBJ_PREFIX_DWT746_com_zimbra_date\">ter<\/span>\u00e1 candidato pr\u00f3prio \u00e0 Presid\u00eancia da Rep\u00fablica nas elei\u00e7\u00f5es<span id=\"OBJ_PREFIX_DWT741_com_zimbra_date\">\u00a0de outubro<\/span>. O partido tamb\u00e9m n\u00e3o definiu se apoiar\u00e1 algum candidato ao cargo no primeiro turno.<\/p>\n<p>Durante o evento, que ocorreu em Belo Horizonte, o deputado federal por Minas Gerais e presidente Nacional do Avante, Lu\u00eds Tib\u00e9, informou que o partido\u00a0<span id=\"OBJ_PREFIX_DWT742_com_zimbra_date\"><span id=\"OBJ_PREFIX_DWT747_com_zimbra_date\">ter<\/span><\/span>\u00e1 uma chapa com 80 candidatos a deputado federal. A meta \u00e9 eleger ao menos cinco deles. \u201cVamos agora fazer mudan\u00e7a. Temos pessoas do bem que querem fazer a diferen\u00e7a na pol\u00edtica\u201d, disse.<\/p>\n<p>Tib\u00e9 convocou ainda as pessoas a comparecerem \u00e0s urnas no dia\u00a0<span id=\"OBJ_PREFIX_DWT743_com_zimbra_date\"><span id=\"OBJ_PREFIX_DWT748_com_zimbra_date\">7 de outubro<\/span><\/span>. \u201cNunca vivemos nada igual na pol\u00edtica, das pessoas n\u00e3o quererem votar. Isso \u00e9 extremamente danoso, porque mesmo que as pessoas n\u00e3o votem, os representantes ser\u00e3o eleitos\u201d, argumentou, defendendo a altern\u00e2ncia nos cargos representativos.<\/p>\n","protected":false},"excerpt":{"rendered":"<p>Em conven\u00e7\u00e3o nacional, o Avante decidiu ontem (21) que n\u00e3o\u00a0ter\u00e1 candidato pr\u00f3prio \u00e0 Presid\u00eancia da&#8230;<\/p>\n","protected":false},"author":1,"featured_media":0,"comment_status":"closed","ping_status":"closed","sticky":false,"template":"","format":"standard","meta":{"footnotes":""},"categories":[101],"tags":[],"class_list":["post-20219","post","type-post","status-publish","format-standard","hentry","category-eleicoes"],"_links":{"self":[{"href":"https:\/\/www.corumbaonline.com.br\/news\/wp-json\/wp\/v2\/posts\/20219","targetHints":{"allow":["GET"]}}],"collection":[{"href":"https:\/\/www.corumbaonline.com.br\/news\/wp-json\/wp\/v2\/posts"}],"about":[{"href":"https:\/\/www.corumbaonline.com.br\/news\/wp-json\/wp\/v2\/types\/post"}],"author":[{"embeddable":true,"href":"https:\/\/www.corumbaonline.com.br\/news\/wp-json\/wp\/v2\/users\/1"}],"replies":[{"embeddable":true,"href":"https:\/\/www.corumbaonline.com.br\/news\/wp-json\/wp\/v2\/comments?post=20219"}],"version-history":[{"count":1,"href":"https:\/\/www.corumbaonline.com.br\/news\/wp-json\/wp\/v2\/posts\/20219\/revisions"}],"predecessor-version":[{"id":20220,"href":"https:\/\/www.corumbaonline.com.br\/news\/wp-json\/wp\/v2\/posts\/20219\/revisions\/20220"}],"wp:attachment":[{"href":"https:\/\/www.corumbaonline.com.br\/news\/wp-json\/wp\/v2\/media?parent=20219"}],"wp:term":[{"taxonomy":"category","embeddable":true,"href":"https:\/\/www.corumbaonline.com.br\/news\/wp-json\/wp\/v2\/categories?post=20219"},{"taxonomy":"post_tag","embeddable":true,"href":"https:\/\/www.corumbaonline.com.br\/news\/wp-json\/wp\/v2\/tags?post=20219"}],"curies":[{"name":"wp","href":"https:\/\/api.w.org\/{rel}","templated":true}]}}