{"id":20221,"date":"2018-07-22T10:45:33","date_gmt":"2018-07-22T14:45:33","guid":{"rendered":"http:\/\/www.corumbaonline.com.br\/news\/?p=20221"},"modified":"2018-07-22T11:06:07","modified_gmt":"2018-07-22T15:06:07","slug":"pstu-confirma-candidatura-de-vera-lucia-e-nao-fara-coligacao","status":"publish","type":"post","link":"https:\/\/www.corumbaonline.com.br\/news\/pstu-confirma-candidatura-de-vera-lucia-e-nao-fara-coligacao\/","title":{"rendered":"PSTU confirma candidatura de Vera L\u00facia e n\u00e3o far\u00e1 coliga\u00e7\u00e3o"},"content":{"rendered":"<p>O PSTU oficializou na noite de sexta-feira (20) a candidatura de Vera L\u00facia \u00e0 Presid\u00eancia da Rep\u00fablica e de Hertz Dias como vice na chapa. A escolha foi feita por aclama\u00e7\u00e3o pelos filiados ao partido presentes na quadra do Sindicato dos Metrovi\u00e1rios de S\u00e3o Paulo, na zona leste da capital paulista.<\/p>\n<p>A escolha de Vera L\u00facia para as elei\u00e7\u00f5es presidenciais em outubro ocorre depois de quatro campanhas nacionais com o candidato Jos\u00e9 Maria de Almeida, conhecido como Z\u00e9 Maria,\u00a0hoje\u00a0presidente da legenda.<\/p>\n<p>O PSTU decidiu que n\u00e3o far\u00e1 nenhuma coliga\u00e7\u00e3o para a disputa presidencial, nem alian\u00e7as nas elei\u00e7\u00f5es estaduais. De acordo com a candidata aclamada, a primeira proposta da chapa ser\u00e1 a de fazer frente \u00e0 crise econ\u00f4mica.<\/p>\n<p>\u201cPara isso, n\u00f3s precisamos n\u00e3o pagar a d\u00edvida p\u00fablica, n\u00e3o enviar remessa de lucro das multinacionais, estatizar as empresas que foram privatizadas para que elas voltem a ser 100%\u00a0brasileiras e controlada pelos trabalhadores,\u00a0expropriar\u00a0as 100\u00a0maiores empresas desse pa\u00eds, e a nacionaliza\u00e7\u00e3o dos bancos\u201d, destacou a candidata.<\/p>\n<p>De acordo com Vera L\u00facia, o plano de governo tamb\u00e9m prev\u00ea reforma agr\u00e1ria, redu\u00e7\u00e3o da jornada de trabalho sem redu\u00e7\u00e3o de sal\u00e1rio\u00a0e um plano de obras p\u00fablicas para atender as necessidades da classe trabalhadora. \u201cTudo isso s\u00f3 \u00e9 poss\u00edvel fazer se a gente tiver as condi\u00e7\u00f5es materiais, que conseguiremos atrav\u00e9s dessas medidas econ\u00f4micas, e do ponto de vista pol\u00edtico, atrav\u00e9s da organiza\u00e7\u00e3o e da luta da nossa classe\u201d.<\/p>\n<p>De acordo com o presidente da legenda, Jos\u00e9 Maria de Almeida, a chapa de Vera e Hertz prop\u00f5e um projeto socialista para o pa\u00eds, com maior aten\u00e7\u00e3o \u00e0s demandas da classe trabalhadora, como emprego decente, sal\u00e1rios dignos, sa\u00fade, educa\u00e7\u00e3o, moradia, saneamento, acesso \u00e0 cultura e ao lazer.<\/p>\n<p>\u201cDiferentemente dos outros partidos, n\u00e3o fazemos demagogia no processo eleitoral, dizendo vote em mim que n\u00f3s vamos resolver tudo isso. Para que a popula\u00e7\u00e3o tenha atendida essas demandas \u00e9 preciso mudar a estrutura econ\u00f4mica do pa\u00eds, acabar com o privil\u00e9gio dos banqueiros, dos grandes empres\u00e1rios, das grandes empresas que controlam a propriedade da terra no pa\u00eds\u201d, destacou.<\/p>\n<p>&nbsp;<\/p>\n<p>De acordo ele, a mudan\u00e7a n\u00e3o \u00e9 poss\u00edvel por meio das elei\u00e7\u00f5es, mas de uma revolu\u00e7\u00e3o. \u201cEvidentemente que uma mudan\u00e7a dessa envergadura n\u00e3o vai se fazer atrav\u00e9s das elei\u00e7\u00f5es, que \u00e9 um jogo de cartas marcadas. O processo eleitoral brasileiro \u00e9 controlado pelo poder econ\u00f4mico. Vamos dizer claramente: nosso programa s\u00f3 vai ser realizado se o povo for para as ruas, se a gente fizer uma rebeli\u00e3o, uma revolu\u00e7\u00e3o nesse pa\u00eds\u201d.<\/p>\n","protected":false},"excerpt":{"rendered":"<p>O PSTU oficializou na noite de sexta-feira (20) a candidatura de Vera L\u00facia \u00e0 Presid\u00eancia&#8230;<\/p>\n","protected":false},"author":1,"featured_media":0,"comment_status":"closed","ping_status":"closed","sticky":false,"template":"","format":"standard","meta":{"footnotes":""},"categories":[101],"tags":[],"class_list":["post-20221","post","type-post","status-publish","format-standard","hentry","category-eleicoes"],"_links":{"self":[{"href":"https:\/\/www.corumbaonline.com.br\/news\/wp-json\/wp\/v2\/posts\/20221","targetHints":{"allow":["GET"]}}],"collection":[{"href":"https:\/\/www.corumbaonline.com.br\/news\/wp-json\/wp\/v2\/posts"}],"about":[{"href":"https:\/\/www.corumbaonline.com.br\/news\/wp-json\/wp\/v2\/types\/post"}],"author":[{"embeddable":true,"href":"https:\/\/www.corumbaonline.com.br\/news\/wp-json\/wp\/v2\/users\/1"}],"replies":[{"embeddable":true,"href":"https:\/\/www.corumbaonline.com.br\/news\/wp-json\/wp\/v2\/comments?post=20221"}],"version-history":[{"count":1,"href":"https:\/\/www.corumbaonline.com.br\/news\/wp-json\/wp\/v2\/posts\/20221\/revisions"}],"predecessor-version":[{"id":20222,"href":"https:\/\/www.corumbaonline.com.br\/news\/wp-json\/wp\/v2\/posts\/20221\/revisions\/20222"}],"wp:attachment":[{"href":"https:\/\/www.corumbaonline.com.br\/news\/wp-json\/wp\/v2\/media?parent=20221"}],"wp:term":[{"taxonomy":"category","embeddable":true,"href":"https:\/\/www.corumbaonline.com.br\/news\/wp-json\/wp\/v2\/categories?post=20221"},{"taxonomy":"post_tag","embeddable":true,"href":"https:\/\/www.corumbaonline.com.br\/news\/wp-json\/wp\/v2\/tags?post=20221"}],"curies":[{"name":"wp","href":"https:\/\/api.w.org\/{rel}","templated":true}]}}