{"id":20223,"date":"2018-07-22T11:03:07","date_gmt":"2018-07-22T15:03:07","guid":{"rendered":"http:\/\/www.corumbaonline.com.br\/news\/?p=20223"},"modified":"2018-07-22T11:13:52","modified_gmt":"2018-07-22T15:13:52","slug":"pmn-decide-nao-ter-candidato-a-presidencia-nem-fazer-aliancas","status":"publish","type":"post","link":"https:\/\/www.corumbaonline.com.br\/news\/pmn-decide-nao-ter-candidato-a-presidencia-nem-fazer-aliancas\/","title":{"rendered":"PMN decide n\u00e3o ter candidato \u00e0 Presid\u00eancia nem fazer alian\u00e7as"},"content":{"rendered":"<p>O Partido da Mobiliza\u00e7\u00e3o Nacional (PMN) decidiu em conven\u00e7\u00e3o ontem (21), em Bras\u00edlia, n\u00e3o lan\u00e7ar candidatura pr\u00f3pria \u00e0 presid\u00eancia da Rep\u00fablica nem apoiar candidato ao cargo no primeiro turno.<\/p>\n<p>O encontro ocorreu em meio a uma disputa judicial entre a legenda e a jornalista mineira Val\u00e9ria Monteiro, pr\u00e9-candidata \u00e0 Presid\u00eancia da Rep\u00fablica. Segundo o presidente da sigla, Antonio Massarolo, os problemas entre Val\u00e9ria e o PMN se agravaram quando o nome dela n\u00e3o atingiu 3% de inten\u00e7\u00f5es de voto nas pesquisas eleitorais. Segundo ele, esse era o pr\u00e9-requisito para que ela fosse confirmada como candidata \u00e0 chefe do Executivo, mas como a meta n\u00e3o foi alcan\u00e7ada o apoio foi retirado.<\/p>\n<p>Em mar\u00e7o, j\u00e1 sem apoio da Executiva Nacional do PMN, a ex-apresentadora do Fant\u00e1stico e do Jornal Nacional, insistiu na pr\u00e9-candidatura e fez uma carta ao partido na qual abriu m\u00e3o das verbas dos fundos partid\u00e1rio e eleitoral.<\/p>\n<h2>Liminar<\/h2>\n<div class=\"dnd-widget-wrapper context-medio_4colunas type-image atom-align-left\">\n<div class=\"dnd-atom-rendered\">\n<figure class=\"mejs-fotoh-wrapper\">\n<p><figure style=\"width: 365px\" class=\"wp-caption alignnone\"><img loading=\"lazy\" decoding=\"async\" class=\"img-responsive full full\" title=\"Valter Campanato\/Ag\u00eancia Brasil\/Ag\u00eancia Brasil\" src=\"http:\/\/imagens.ebc.com.br\/1eBm3P9GhnmzseVLIrr7a5cWe2s=\/365x0\/smart\/http:\/\/agenciabrasil.ebc.com.br\/sites\/default\/files\/thumbnails\/image\/edit_vac_abr20180721_1192.jpg?itok=ROtVqqJv\" alt=\"A pr\u00e9-candidata \u00e0 Presid\u00eancia da Rep\u00fablica do PMN, Jornalista Valeria Monteiro.\" width=\"365\" height=\"243\" \/><figcaption class=\"wp-caption-text\">A jornalista Valeria Monteiro durante conven\u00e7\u00e3o do PMN &#8211; Valter Campanato\/Ag\u00eancia Brasil<\/figcaption><\/figure><\/figure>\n<\/div>\n<\/div>\n<p>Para garantir que a jornalista n\u00e3o fosse candidata, o partido publicou uma resolu\u00e7\u00e3o vetando candidatura presidencial pr\u00f3pria.<\/p>\n<p>Val\u00e9ria conseguiu revogar a decis\u00e3o por meio de liminar do ministro Napole\u00e3o Nunes do Tribunal Superior Eleitoral (TSE). Nela, o ministro\u00a0determinou que a legenda colocasse em pauta durante conven\u00e7\u00e3o nacional se teria ou n\u00e3o um nome na corrida presidencial.<\/p>\n<p>Como n\u00e3o era delegada com direito a voto, Val\u00e9ria foi impedida de discursar na conven\u00e7\u00e3o e defender sua candidatura, mesmo pedindo aos gritos a palavra.<\/p>\n<p>Amea\u00e7ada de ser retirada do audit\u00f3rio \u00e0 for\u00e7a pelo presidente do PMN, ela chegou a ser empurrada e segurada por uma mulher que fazia parte da equipe de seguran\u00e7a privada do evento. Em seguida, deixou o local espontaneamente, garantindo que tentar\u00e1 anular a conven\u00e7\u00e3o do PMN na Justi\u00e7a.<\/p>\n<h2>Expuls\u00e3o<\/h2>\n<div class=\"dnd-widget-wrapper context-medio_4colunas type-image atom-align-left\">\n<div class=\"dnd-atom-rendered\">\n<figure class=\"mejs-fotoh-wrapper\">\n<p><figure style=\"width: 365px\" class=\"wp-caption alignnone\"><img loading=\"lazy\" decoding=\"async\" class=\"img-responsive full full\" title=\"Valter Campanato\/Ag\u00eancia Brasil\/Ag\u00eancia Brasil\" src=\"http:\/\/imagens.ebc.com.br\/LXlnTdPwCNaztWxEnit0uhG-rtg=\/365x0\/smart\/http:\/\/agenciabrasil.ebc.com.br\/sites\/default\/files\/thumbnails\/image\/edit_vac_abr20180721_1195.jpg?itok=Cn2kUETE\" alt=\"O pr\u00e9-candidata \u00e0 Presid\u00eancia da Rep\u00fablica do PMN, Marivaldo e retirado a for\u00e7a da conven\u00e7\u00e3o pelos seguran\u00e7as.\" width=\"365\" height=\"243\" \/><figcaption class=\"wp-caption-text\">Marivaldo Neves \u00e9 retirado \u00e0 for\u00e7a da conven\u00e7\u00e3o do PMN pelos seguran\u00e7as &#8211; Valter Campanato\/Ag\u00eancia Brasil<\/figcaption><\/figure><\/figure>\n<\/div>\n<\/div>\n<p>A confus\u00e3o envolvendo Val\u00e9ria Monteiro n\u00e3o foi a \u00fanica na conven\u00e7\u00e3o do PMN. Tamb\u00e9m impedido de se colocar como candidato ao Senado pela Bahia, Marivaldo Neves foi expulso por seguran\u00e7as do audit\u00f3rio, ap\u00f3s fazer cr\u00edticas ao presidente do partido. De acordo com o presidente da legenda, a pr\u00e9-candidatura de Neves n\u00e3o foi aceita porque ele n\u00e3o tem \u201cvida partid\u00e1ria\u201d.<\/p>\n","protected":false},"excerpt":{"rendered":"<p>O Partido da Mobiliza\u00e7\u00e3o Nacional (PMN) decidiu em conven\u00e7\u00e3o ontem (21), em Bras\u00edlia, n\u00e3o lan\u00e7ar&#8230;<\/p>\n","protected":false},"author":1,"featured_media":0,"comment_status":"closed","ping_status":"closed","sticky":false,"template":"","format":"standard","meta":{"footnotes":""},"categories":[101],"tags":[],"class_list":["post-20223","post","type-post","status-publish","format-standard","hentry","category-eleicoes"],"_links":{"self":[{"href":"https:\/\/www.corumbaonline.com.br\/news\/wp-json\/wp\/v2\/posts\/20223","targetHints":{"allow":["GET"]}}],"collection":[{"href":"https:\/\/www.corumbaonline.com.br\/news\/wp-json\/wp\/v2\/posts"}],"about":[{"href":"https:\/\/www.corumbaonline.com.br\/news\/wp-json\/wp\/v2\/types\/post"}],"author":[{"embeddable":true,"href":"https:\/\/www.corumbaonline.com.br\/news\/wp-json\/wp\/v2\/users\/1"}],"replies":[{"embeddable":true,"href":"https:\/\/www.corumbaonline.com.br\/news\/wp-json\/wp\/v2\/comments?post=20223"}],"version-history":[{"count":1,"href":"https:\/\/www.corumbaonline.com.br\/news\/wp-json\/wp\/v2\/posts\/20223\/revisions"}],"predecessor-version":[{"id":20224,"href":"https:\/\/www.corumbaonline.com.br\/news\/wp-json\/wp\/v2\/posts\/20223\/revisions\/20224"}],"wp:attachment":[{"href":"https:\/\/www.corumbaonline.com.br\/news\/wp-json\/wp\/v2\/media?parent=20223"}],"wp:term":[{"taxonomy":"category","embeddable":true,"href":"https:\/\/www.corumbaonline.com.br\/news\/wp-json\/wp\/v2\/categories?post=20223"},{"taxonomy":"post_tag","embeddable":true,"href":"https:\/\/www.corumbaonline.com.br\/news\/wp-json\/wp\/v2\/tags?post=20223"}],"curies":[{"name":"wp","href":"https:\/\/api.w.org\/{rel}","templated":true}]}}