{"id":20227,"date":"2018-07-23T08:06:12","date_gmt":"2018-07-23T12:06:12","guid":{"rendered":"http:\/\/www.corumbaonline.com.br\/news\/?p=20227"},"modified":"2018-07-23T08:36:46","modified_gmt":"2018-07-23T12:36:46","slug":"veja-os-candidatos-a-presidente-definidos-nas-convencoes-partidarias","status":"publish","type":"post","link":"https:\/\/www.corumbaonline.com.br\/news\/veja-os-candidatos-a-presidente-definidos-nas-convencoes-partidarias\/","title":{"rendered":"Veja os candidatos a presidente definidos nas conven\u00e7\u00f5es partid\u00e1rias"},"content":{"rendered":"<p>No primeiro fim de semana de conven\u00e7\u00f5es nacionais, os partidos pol\u00edticos confirmaram cinco candidatos a presidente da Rep\u00fablica: Ciro Gomes (PDT), Guilherme Boulos (PSOL), Jair Bolsonaro (PSL), Paulo Rabello de Castro (PSC) e Vera L\u00facia (PSTU). As conven\u00e7\u00f5es t\u00eam de ser realizadas at\u00e9 5 de agosto, e o prazo para pedir o registro das candidaturas na Justi\u00e7a Eleitoral encerra-se em 15 de agosto.<\/p>\n<p>A lei eleitoral permite, a partir da homologa\u00e7\u00e3o das conven\u00e7\u00f5es, a formaliza\u00e7\u00e3o de contratos para instala\u00e7\u00e3o f\u00edsica e virtual dos comit\u00eas dos candidatos e dos partidos. O pagamento de despesas, por\u00e9m, s\u00f3 pode ser feito ap\u00f3s a obten\u00e7\u00e3o do CNPJ do candidato e a abertura de conta banc\u00e1ria espec\u00edfica para movimenta\u00e7\u00e3o financeira de campanha e emiss\u00e3o de recibos eleitorais.<\/p>\n<p>Segundo o calend\u00e1rio das elei\u00e7\u00f5es de 2018, a partir de quarta-feira (25), a Justi\u00e7a Eleitoral poder\u00e1 encaminhar \u00e0 Secretaria da Receita Federal os pedidos para inscri\u00e7\u00e3o de candidatos no CNPJ. A partir dessa data, os partidos pol\u00edticos e os candidatos devem enviar \u00e0 Justi\u00e7a Eleitoral, para divulga\u00e7\u00e3o na internet, os dados de arrecada\u00e7\u00e3o para financiamento da campanha eleitoral, observado o prazo de 72 horas ap\u00f3s o recebimento dos recursos.<\/p>\n<p>Nas conven\u00e7\u00f5es nacionais, o PSL, o PDT e o PSC n\u00e3o escolheram os candidatos a vice. Caber\u00e1 \u00e0 dire\u00e7\u00e3o nacional do PDT articular as alian\u00e7as para o primeiro turno das elei\u00e7\u00f5es e o vice de Ciro Gomes. O PSC vai buscar um vice que agregue apoios, mas o candidato demonstrou disposi\u00e7\u00e3o de ter uma mulher na sua chapa. No PSL, o nome forte para compor a chapa de Bolsonaro \u00e9 o da advogada Janaina Paschoal, que participou da conven\u00e7\u00e3o ao lado do candidato a presidente.<\/p>\n<p>O PSOL formou uma chapa puro sangue: S\u00f4nia Guajajara ser\u00e1 a candidata a vice de Boulos. O partido, no entanto, disputar\u00e1 as elei\u00e7\u00f5es de outubro coligado com o PCB, que realizou conven\u00e7\u00e3o na \u00faltima sexta-feira e aprovou a alian\u00e7a. O PSTU optou por n\u00e3o fazer coliga\u00e7\u00f5es. O vice de Vera L\u00facia ser\u00e1 Hertz Dias.<\/p>\n<p>O PMN e o Avante realizaram ontem conven\u00e7\u00f5es nacionais e decidiram n\u00e3o lan\u00e7ar candidatos a Presid\u00eancia da Rep\u00fablica. Na conven\u00e7\u00e3o, o Avante decidiu dar prioridade \u00e0 elei\u00e7\u00e3o de deputados federais: ter\u00e1 uma chapa com cerca de 80 nomes e pretende eleger pelo menos cinco. O Avante n\u00e3o definiu se apoiar\u00e1 algum candidato a presidente no primeiro turno. O PMN decidiu dar apoio a nenhuma chapa nas elei\u00e7\u00f5es presidenciais.<\/p>\n<p>No pr\u00f3ximo s\u00e1bado (28), devem reunir-se SD, PTB, PV, PSD e DC.<\/p>\n","protected":false},"excerpt":{"rendered":"<p>No primeiro fim de semana de conven\u00e7\u00f5es nacionais, os partidos pol\u00edticos confirmaram cinco candidatos a&#8230;<\/p>\n","protected":false},"author":1,"featured_media":0,"comment_status":"closed","ping_status":"closed","sticky":false,"template":"","format":"standard","meta":{"footnotes":""},"categories":[19],"tags":[],"class_list":["post-20227","post","type-post","status-publish","format-standard","hentry","category-politica"],"_links":{"self":[{"href":"https:\/\/www.corumbaonline.com.br\/news\/wp-json\/wp\/v2\/posts\/20227","targetHints":{"allow":["GET"]}}],"collection":[{"href":"https:\/\/www.corumbaonline.com.br\/news\/wp-json\/wp\/v2\/posts"}],"about":[{"href":"https:\/\/www.corumbaonline.com.br\/news\/wp-json\/wp\/v2\/types\/post"}],"author":[{"embeddable":true,"href":"https:\/\/www.corumbaonline.com.br\/news\/wp-json\/wp\/v2\/users\/1"}],"replies":[{"embeddable":true,"href":"https:\/\/www.corumbaonline.com.br\/news\/wp-json\/wp\/v2\/comments?post=20227"}],"version-history":[{"count":1,"href":"https:\/\/www.corumbaonline.com.br\/news\/wp-json\/wp\/v2\/posts\/20227\/revisions"}],"predecessor-version":[{"id":20228,"href":"https:\/\/www.corumbaonline.com.br\/news\/wp-json\/wp\/v2\/posts\/20227\/revisions\/20228"}],"wp:attachment":[{"href":"https:\/\/www.corumbaonline.com.br\/news\/wp-json\/wp\/v2\/media?parent=20227"}],"wp:term":[{"taxonomy":"category","embeddable":true,"href":"https:\/\/www.corumbaonline.com.br\/news\/wp-json\/wp\/v2\/categories?post=20227"},{"taxonomy":"post_tag","embeddable":true,"href":"https:\/\/www.corumbaonline.com.br\/news\/wp-json\/wp\/v2\/tags?post=20227"}],"curies":[{"name":"wp","href":"https:\/\/api.w.org\/{rel}","templated":true}]}}