{"id":20239,"date":"2018-07-23T09:15:26","date_gmt":"2018-07-23T13:15:26","guid":{"rendered":"http:\/\/www.corumbaonline.com.br\/news\/?p=20239"},"modified":"2018-07-23T09:28:45","modified_gmt":"2018-07-23T13:28:45","slug":"defesa-de-puccineli-filho-e-advogado-critica-prisao-e-ingressa-com-pedido-de-liberdade-no-trf3","status":"publish","type":"post","link":"https:\/\/www.corumbaonline.com.br\/news\/defesa-de-puccineli-filho-e-advogado-critica-prisao-e-ingressa-com-pedido-de-liberdade-no-trf3\/","title":{"rendered":"Defesa de Puccineli, filho e advogado critica pris\u00e3o e ingressa com pedido de liberdade no TRF3"},"content":{"rendered":"<p>No come\u00e7o da manh\u00e3 desta segunda-feira (23), a defesa do ex-governador Andr\u00e9 Puccinelli (MDB), Andr\u00e9 Puccinelli J\u00fanior e do advogado Jo\u00e3o Paulo Calves ingressou com um HC (Habeas Corpus) no TRF3 (Tribunal Regional Federal), a fim de garantir a liberdade do trio, presos desde a \u00faltima sexta-feira (20).<\/p>\n<p>Os advogados que assinam o HC, Andr\u00e9 Borges e Ren\u00ea Siufi, destacam que apesar desta ser a 2\u00aa pris\u00e3o do ex-governador e seu filho, ainda n\u00e3o h\u00e1 nenhuma den\u00fancia contra ele, pelos crimes dos quais \u00e9 acusado de corrup\u00e7\u00e3o, lavagem de dinheiro e organiza\u00e7\u00e3o criminosa.<\/p>\n<p>A defesa tamb\u00e9m cr\u00edtica a pris\u00e3o, que segundo eles n\u00e3o pode ser usada pelo Poder P\u00fablico como \u2018puni\u00e7\u00e3o antecipada\u2019.<\/p>\n<p>\u201cAli\u00e1s, o\u00a0<strong>prejulgamento<\/strong>\u00a0que se extrai da decis\u00e3o \u00e9 gritante, mais se parecendo o decreto de pris\u00e3o com uma senten\u00e7a de m\u00e9rito, condenat\u00f3ria, proferida a destempo. Tudo a desafiar importantes direitos constitucionais (presun\u00e7\u00e3o de inoc\u00eancia, devido processo legal, ampla defesa), num momento em que assim n\u00e3o se podia atuar\u201d, destaca trecho do HC.<\/p>\n<p>Outro ponto atacado pela defesa do ex-governador, presidente regional do MDB e pr\u00e9-candidato ao governo estadual, \u00e9 a cobertura midi\u00e1tica da pris\u00e3o, sem que sequer tenha sido oferecido den\u00fancia contra Puccinelli.<\/p>\n<p>Para Siufi e Borges a pris\u00e3o dos tr\u00eas \u2018n\u00e3o se sustenta\u2019, uma vez que o MPF (Minist\u00e9rio P\u00fablico Federal) n\u00e3o apresentou nenhum fato novo que justificasse essa \u2018situa\u00e7\u00e3o extrema\u2019, que causaram, segundo ele, uma \u2018ilegalidade\u2019 que deve ser reparada pelo TRF3.<\/p>\n<p>\u201cCada novo dia vivido no ambiente degradador do c\u00e1rcere representa um tormento de propor\u00e7\u00f5es incomensur\u00e1veis, tanto para os pacientes (um pol\u00edtico respeitado e popular, not\u00edcia anexa, que deseja voltar a representar seu povo; dois conceituados advogados e professores)\u201d, sustenta a defesa.<\/p>\n<p>Al\u00e9m disso, os advogados lembram que a primeira pris\u00e3o de Andr\u00e9 aconteceu em novembro de 2017, \u00e0s v\u00e9speras da conven\u00e7\u00e3o do partido que daria o cargo de presidente regional do MDB, e que a a\u00e7\u00e3o da Pol\u00edcia Federal desta vez acontece, novamente, pouco tempo antes da conven\u00e7\u00e3o regional do MDB, onde Puccinelli seria declarado pr\u00e9-candidato ao governo, pela 3\u00aa.<\/p>\n<p>Andr\u00e9 Borges e Ren\u00ea Siufi pedem a liberdade dos tr\u00eas presos, ou \u2018na remota hip\u00f3tese\u2019 da n\u00e3o cassa\u00e7\u00e3o da \u2018ilegalidade\u2019, as pris\u00f5es preventivas sejam substitu\u00eddas por medidas cautelares j\u00e1 impostas pelo TRF3, como comparecimento mensal a ju\u00edzo, proibi\u00e7\u00e3o de deixar a cidade onde reside por mais de 15 dias sem autoriza\u00e7\u00e3o e proibi\u00e7\u00e3o de deixar o pa\u00eds.<\/p>\n","protected":false},"excerpt":{"rendered":"<p>No come\u00e7o da manh\u00e3 desta segunda-feira (23), a defesa do ex-governador Andr\u00e9 Puccinelli (MDB), Andr\u00e9&#8230;<\/p>\n","protected":false},"author":1,"featured_media":0,"comment_status":"closed","ping_status":"closed","sticky":false,"template":"","format":"standard","meta":{"footnotes":""},"categories":[19],"tags":[],"class_list":["post-20239","post","type-post","status-publish","format-standard","hentry","category-politica"],"_links":{"self":[{"href":"https:\/\/www.corumbaonline.com.br\/news\/wp-json\/wp\/v2\/posts\/20239","targetHints":{"allow":["GET"]}}],"collection":[{"href":"https:\/\/www.corumbaonline.com.br\/news\/wp-json\/wp\/v2\/posts"}],"about":[{"href":"https:\/\/www.corumbaonline.com.br\/news\/wp-json\/wp\/v2\/types\/post"}],"author":[{"embeddable":true,"href":"https:\/\/www.corumbaonline.com.br\/news\/wp-json\/wp\/v2\/users\/1"}],"replies":[{"embeddable":true,"href":"https:\/\/www.corumbaonline.com.br\/news\/wp-json\/wp\/v2\/comments?post=20239"}],"version-history":[{"count":1,"href":"https:\/\/www.corumbaonline.com.br\/news\/wp-json\/wp\/v2\/posts\/20239\/revisions"}],"predecessor-version":[{"id":20240,"href":"https:\/\/www.corumbaonline.com.br\/news\/wp-json\/wp\/v2\/posts\/20239\/revisions\/20240"}],"wp:attachment":[{"href":"https:\/\/www.corumbaonline.com.br\/news\/wp-json\/wp\/v2\/media?parent=20239"}],"wp:term":[{"taxonomy":"category","embeddable":true,"href":"https:\/\/www.corumbaonline.com.br\/news\/wp-json\/wp\/v2\/categories?post=20239"},{"taxonomy":"post_tag","embeddable":true,"href":"https:\/\/www.corumbaonline.com.br\/news\/wp-json\/wp\/v2\/tags?post=20239"}],"curies":[{"name":"wp","href":"https:\/\/api.w.org\/{rel}","templated":true}]}}