{"id":20243,"date":"2018-07-23T09:48:54","date_gmt":"2018-07-23T13:48:54","guid":{"rendered":"http:\/\/www.corumbaonline.com.br\/news\/?p=20243"},"modified":"2018-07-23T12:30:37","modified_gmt":"2018-07-23T16:30:37","slug":"vereador-chicao-vianna-confirma-pre-candidatura-como-deputado-estadual","status":"publish","type":"post","link":"https:\/\/www.corumbaonline.com.br\/news\/vereador-chicao-vianna-confirma-pre-candidatura-como-deputado-estadual\/","title":{"rendered":"Vereador Chic\u00e3o Vianna confirma pr\u00e9-candidatura como Deputado Estadual"},"content":{"rendered":"<p>Na noite da \u00faltima sexta-feira (20), Chic\u00e3o Vianna lan\u00e7ou sua pr\u00e9-candidatura como Deputado Estadual. O evento marcou uma nova fase de luta por melhorias para o Estado, como forma de continuidade ao trabalho de desenvolvimento ao qual tem se dedicado no munic\u00edpio corumbaense desde janeiro de 2017, quando foi empossado como Vereador de Corumb\u00e1.<\/p>\n<p>Junto \u00e0 C\u00e2mara de Vereadores, Chic\u00e3o atendeu grandes pedidos da popula\u00e7\u00e3o, como a circula\u00e7\u00e3o de uma nova empresa de viagens para Campo Grande, e ainda luta pela qualidade da rede de telefonia local. Durante a solenidade, ele afirmou que ainda h\u00e1 muito o que fazer pelo seu povo e prometeu fazer a diferen\u00e7a em Mato Grosso do Sul. \u201cSeja mais um e juntos seremos muito\u201d, exalta Chic\u00e3o.<\/p>\n<p>O lan\u00e7amento da pr\u00e9-candidatura de Chic\u00e3o Vianna contou com a presen\u00e7a de mais de 600 pessoas e com o prest\u00edgio do Deputado Federal, F\u00e1bio Trad; do vice-presidente do Partido Solidariedade, Alessandro; do vice-prefeito de Tr\u00eas Lagoas, Paulo Salom\u00e3o; do vereador Dr. Domingos Albaneze; dos vereadores de Lad\u00e1rio, Andr\u00e9 Caffaro, Aguinaldo Magrela, Gugu e Vagner; e dos seus pais, Alu\u00edzio Vianna e Solange Vianna. Ainda sim houve aqueles que n\u00e3o puderam estar presentes, mas que mandaram um v\u00eddeo que foi repassado durante o evento, dentre eles estavam a Vice-Governadora, Rose Modesto; O Prefeito de Campo Grande Marquinhos Trad; O Deputado Federal Zeca do PT; o Deputado Federal Vander Loubet e o pr\u00e9-candidato \u00e0 presid\u00eancia Aldo Rebelo. Na oportunidade, o pr\u00e9-candidato a Deputado Estadual lan\u00e7ou o dingle \u201cChic\u00e3o Vianna \u00e9 da nossa gente&#8221;.<\/p>\n<p>E foi nesse clima que Chic\u00e3o apresentou suas ideias para fazer pelo Estado o que ele fez por Corumb\u00e1, solicitando melhorias nos setores de sa\u00fade, educa\u00e7\u00e3o e infraestrutura. \u201cH\u00e1 mais de seis anos n\u00e3o temos representa\u00e7\u00e3o. E hoje temos a oportunidade de dar um voo mais alto e chegar \u00e0 Assembleia Legislativa\u201d, relembra o Solidarista.<\/p>\n<p>A representa\u00e7\u00e3o do corumbaense na Assembleia promete alavancar o desenvolvimento do Estado e principalmente das regi\u00f5es pantaneiras, Corumb\u00e1 e Lad\u00e1rio, nas quais o vereador \u00e9 admirado e respeitado pela popula\u00e7\u00e3o, e reconhecido por atender as reivindica\u00e7\u00f5es e conquistar melhorias junto \u00e0 sua gente. Nada menos esperado para o homem que conquistou os cora\u00e7\u00f5es corumbaenses ao se mostrar simples e honesto.<\/p>\n<p>Chic\u00e3o Vianna demonstrou estar preparado para assumir o cargo no Poder Legislativo e mostrar como se faz um trabalho limpo e promissor na pol\u00edtica estadual, atuando com responsabilidade e compromisso para o progresso de servi\u00e7os b\u00e1sicos de sa\u00fade e educa\u00e7\u00e3o, al\u00e9m das melhorias na infraestrutura e gera\u00e7\u00e3o de renda, dignos do merecimento de sua gente.<\/p>\n","protected":false},"excerpt":{"rendered":"<p>Na noite da \u00faltima sexta-feira (20), Chic\u00e3o Vianna lan\u00e7ou sua pr\u00e9-candidatura como Deputado Estadual. O&#8230;<\/p>\n","protected":false},"author":1,"featured_media":20245,"comment_status":"closed","ping_status":"closed","sticky":false,"template":"","format":"standard","meta":{"footnotes":""},"categories":[8,101,19],"tags":[],"class_list":["post-20243","post","type-post","status-publish","format-standard","has-post-thumbnail","hentry","category-destaque","category-eleicoes","category-politica"],"_links":{"self":[{"href":"https:\/\/www.corumbaonline.com.br\/news\/wp-json\/wp\/v2\/posts\/20243","targetHints":{"allow":["GET"]}}],"collection":[{"href":"https:\/\/www.corumbaonline.com.br\/news\/wp-json\/wp\/v2\/posts"}],"about":[{"href":"https:\/\/www.corumbaonline.com.br\/news\/wp-json\/wp\/v2\/types\/post"}],"author":[{"embeddable":true,"href":"https:\/\/www.corumbaonline.com.br\/news\/wp-json\/wp\/v2\/users\/1"}],"replies":[{"embeddable":true,"href":"https:\/\/www.corumbaonline.com.br\/news\/wp-json\/wp\/v2\/comments?post=20243"}],"version-history":[{"count":1,"href":"https:\/\/www.corumbaonline.com.br\/news\/wp-json\/wp\/v2\/posts\/20243\/revisions"}],"predecessor-version":[{"id":20246,"href":"https:\/\/www.corumbaonline.com.br\/news\/wp-json\/wp\/v2\/posts\/20243\/revisions\/20246"}],"wp:featuredmedia":[{"embeddable":true,"href":"https:\/\/www.corumbaonline.com.br\/news\/wp-json\/wp\/v2\/media\/20245"}],"wp:attachment":[{"href":"https:\/\/www.corumbaonline.com.br\/news\/wp-json\/wp\/v2\/media?parent=20243"}],"wp:term":[{"taxonomy":"category","embeddable":true,"href":"https:\/\/www.corumbaonline.com.br\/news\/wp-json\/wp\/v2\/categories?post=20243"},{"taxonomy":"post_tag","embeddable":true,"href":"https:\/\/www.corumbaonline.com.br\/news\/wp-json\/wp\/v2\/tags?post=20243"}],"curies":[{"name":"wp","href":"https:\/\/api.w.org\/{rel}","templated":true}]}}