{"id":20251,"date":"2018-07-23T10:36:29","date_gmt":"2018-07-23T14:36:29","guid":{"rendered":"http:\/\/www.corumbaonline.com.br\/news\/?p=20251"},"modified":"2018-07-23T12:33:57","modified_gmt":"2018-07-23T16:33:57","slug":"lei-cria-medidas-de-prevencao-a-transmissao-de-dengue-chikungunya-e-zika-virus-as-gestantes-no-ms","status":"publish","type":"post","link":"https:\/\/www.corumbaonline.com.br\/news\/lei-cria-medidas-de-prevencao-a-transmissao-de-dengue-chikungunya-e-zika-virus-as-gestantes-no-ms\/","title":{"rendered":"Lei cria medidas de preven\u00e7\u00e3o \u00e0 transmiss\u00e3o de Dengue, Chikungunya e Zika v\u00edrus \u00e0s gestantes no MS"},"content":{"rendered":"<p>Publicada no Di\u00e1rio Oficial do Estado desta segunda-feira (23.7) a lei N\u00ba 5.240, de 19 de julho de 2018 que disp\u00f5e sobre a ado\u00e7\u00e3o de medidas de preven\u00e7\u00e3o \u00e0 transmiss\u00e3o de Dengue, Chikungunya e Zika v\u00edrus \u00e0s gestantes no Estado de Mato Grosso do Sul.<\/p>\n<p>De acordo com a Lei, as medidas de preven\u00e7\u00e3o t\u00eam por objetivo o oferecimento de informa\u00e7\u00e3o e orienta\u00e7\u00e3o \u00e0s gestantes, de modo a reduzir a contamina\u00e7\u00e3o pelo v\u00edrus, diminuindo a incid\u00eancia de patologias, em especial a microcefalia.<\/p>\n<p>Os estabelecimentos p\u00fablicos e particulares de assist\u00eancia \u00e0 sa\u00fade ficam obrigados a incluir nos programas de pr\u00e9-natais esclarecimentos \u00e0s gestantes sobre os riscos, profilaxia e demais informa\u00e7\u00f5es sobre o mosquito transmissor, Aedes aegypti, e as doen\u00e7as Dengue, Chikungunya e Zika v\u00edrus.<\/p>\n<p>Tamb\u00e9m ter\u00e3o de incluir nos programas de atendimento \u00e0s gestantes e nos pr\u00e9-natais informa\u00e7\u00f5es sobre a microcefalia e as suas consequ\u00eancias, de modo abrangente, nos termos do Protocolo de Vigil\u00e2ncia e Resposta \u00e0 Ocorr\u00eancia de Microcefalia, elaborado pelo Minist\u00e9rio da Sa\u00fade.<\/p>\n<p>Entre as medidas est\u00e3o a atualiza\u00e7\u00e3o das vacinas de acordo com o calend\u00e1rio vacinal do Programa Nacional de Imuniza\u00e7\u00e3o, informa\u00e7\u00e3o \u00e0 gestante sobre o risco relacionado ao uso de medicamentos com potencial teratog\u00eanico e informa\u00e7\u00f5es sobre m\u00e9todos de prote\u00e7\u00e3o \u00e0s picadas de insetos durante a gesta\u00e7\u00e3o.<\/p>\n<p>A rede p\u00fablica de sa\u00fade dever\u00e1 realizar, gratuitamente, o fornecimento e a distribui\u00e7\u00e3o de repelentes que tenham em sua composi\u00e7\u00e3o o princ\u00edpio ativo Icaridina na concentra\u00e7\u00e3o recomendada pela Organiza\u00e7\u00e3o Mundial da Sa\u00fade (OMS), para a prote\u00e7\u00e3o contra picadas de insetos transmissores das doen\u00e7as, para gestantes.<\/p>\n<p>A Rede P\u00fablica de atendimento \u00e0 Sa\u00fade dever\u00e1 realizar levantamento de gestantes em pr\u00e9 e em p\u00f3s-natal e, por meio de seus agentes comunit\u00e1rios de sa\u00fade e de combate \u00e0s endemias, mensalmente, realizar visitas nas respectivas resid\u00eancias e domic\u00edlios para esclarecimentos e combates ao mosquito Aedes aegypti e \u00e0s suas larvas, bem como a realiza\u00e7\u00e3o e o combate efetivo dos vetores transmissores, at\u00e9 o final da primeira inf\u00e2ncia. A lei tamb\u00e9m prev\u00ea o fornecimento e acompanhamento m\u00e9dico e cl\u00ednico necess\u00e1rios \u00e0s crian\u00e7as diagnosticadas com microcefalia e a seus respectivos respons\u00e1veis.<\/p>\n","protected":false},"excerpt":{"rendered":"<p>Publicada no Di\u00e1rio Oficial do Estado desta segunda-feira (23.7) a lei N\u00ba 5.240, de 19&#8230;<\/p>\n","protected":false},"author":1,"featured_media":0,"comment_status":"closed","ping_status":"closed","sticky":false,"template":"","format":"standard","meta":{"footnotes":""},"categories":[21],"tags":[],"class_list":["post-20251","post","type-post","status-publish","format-standard","hentry","category-saude"],"_links":{"self":[{"href":"https:\/\/www.corumbaonline.com.br\/news\/wp-json\/wp\/v2\/posts\/20251","targetHints":{"allow":["GET"]}}],"collection":[{"href":"https:\/\/www.corumbaonline.com.br\/news\/wp-json\/wp\/v2\/posts"}],"about":[{"href":"https:\/\/www.corumbaonline.com.br\/news\/wp-json\/wp\/v2\/types\/post"}],"author":[{"embeddable":true,"href":"https:\/\/www.corumbaonline.com.br\/news\/wp-json\/wp\/v2\/users\/1"}],"replies":[{"embeddable":true,"href":"https:\/\/www.corumbaonline.com.br\/news\/wp-json\/wp\/v2\/comments?post=20251"}],"version-history":[{"count":1,"href":"https:\/\/www.corumbaonline.com.br\/news\/wp-json\/wp\/v2\/posts\/20251\/revisions"}],"predecessor-version":[{"id":20252,"href":"https:\/\/www.corumbaonline.com.br\/news\/wp-json\/wp\/v2\/posts\/20251\/revisions\/20252"}],"wp:attachment":[{"href":"https:\/\/www.corumbaonline.com.br\/news\/wp-json\/wp\/v2\/media?parent=20251"}],"wp:term":[{"taxonomy":"category","embeddable":true,"href":"https:\/\/www.corumbaonline.com.br\/news\/wp-json\/wp\/v2\/categories?post=20251"},{"taxonomy":"post_tag","embeddable":true,"href":"https:\/\/www.corumbaonline.com.br\/news\/wp-json\/wp\/v2\/tags?post=20251"}],"curies":[{"name":"wp","href":"https:\/\/api.w.org\/{rel}","templated":true}]}}