{"id":20263,"date":"2018-07-24T08:11:35","date_gmt":"2018-07-24T12:11:35","guid":{"rendered":"http:\/\/www.corumbaonline.com.br\/news\/?p=20263"},"modified":"2018-07-24T08:18:05","modified_gmt":"2018-07-24T12:18:05","slug":"corumba-retoma-ate-final-de-julho-atendimento-pleno-nas-salas-de-vacina","status":"publish","type":"post","link":"https:\/\/www.corumbaonline.com.br\/news\/corumba-retoma-ate-final-de-julho-atendimento-pleno-nas-salas-de-vacina\/","title":{"rendered":"Corumb\u00e1 retoma at\u00e9 final de julho atendimento pleno nas salas de vacina"},"content":{"rendered":"<p>A Prefeitura de Corumb\u00e1 retoma, at\u00e9 o final deste m\u00eas, o atendimento pleno nas salas de vacina da rede municipal de sa\u00fade. De acordo com a Secretaria Municipal de Sa\u00fade, habitualmente 12 postos funcionam com salas de vacina\u00e7\u00e3o, mas por conta do per\u00edodo de f\u00e9rias de vacinadores, neste m\u00eas de julho, o servi\u00e7o est\u00e1 sendo disponibilizado em sete unidades.<\/p>\n<p>&nbsp;<\/p>\n<p>Seguem com atendimento normal nas salas de vacinas as unidades de sa\u00fade do Gast\u00e3o de Oliveira, Cristo Redentor, Pedro Paulo 2, Breno de Medeiros, Kadw\u00e9us, Humberto Pereira e Padre Ernesto Sassida. As salas de vacina funcionam das 07h30 \u00e0s 10h30 e das 13h30 \u00e0s 16h30. Na unidade de sa\u00fade Gast\u00e3o de Oliveira, as ter\u00e7as e quintas-feiras o Munic\u00edpio oferece a vacina no per\u00edodo noturno tamb\u00e9m, at\u00e9 21 horas.<\/p>\n<p>&nbsp;<\/p>\n<p>Por conta das f\u00e9rias dos vacinadores, o servi\u00e7o voltar\u00e1 a ser oferecido at\u00e9 o final de julho nas seguintes unidades de sa\u00fade: Beira Rio (retorna na ter\u00e7a-feira, 24 de julho); \u00canio Cunha (retorna na ter\u00e7a, dia 31 de julho); zona rural (retorna ter\u00e7a, dia 24) e nas unidades Jos\u00e9 Fragelli e Popular Velha o retorno acontece na quinta-feira, dia 26.<\/p>\n<p>&nbsp;<\/p>\n<p>A Secretaria Municipal de Sa\u00fade comunica que na unidade da Popular Velha, a vacinadora atende no per\u00edodo da manh\u00e3. Na unidade Jos\u00e9 Fragelli o atendimento para vacina \u00e9 no per\u00edodo da tarde.<\/p>\n","protected":false},"excerpt":{"rendered":"<p>A Prefeitura de Corumb\u00e1 retoma, at\u00e9 o final deste m\u00eas, o atendimento pleno nas salas&#8230;<\/p>\n","protected":false},"author":1,"featured_media":20264,"comment_status":"closed","ping_status":"closed","sticky":false,"template":"","format":"standard","meta":{"footnotes":""},"categories":[21],"tags":[],"class_list":["post-20263","post","type-post","status-publish","format-standard","has-post-thumbnail","hentry","category-saude"],"_links":{"self":[{"href":"https:\/\/www.corumbaonline.com.br\/news\/wp-json\/wp\/v2\/posts\/20263","targetHints":{"allow":["GET"]}}],"collection":[{"href":"https:\/\/www.corumbaonline.com.br\/news\/wp-json\/wp\/v2\/posts"}],"about":[{"href":"https:\/\/www.corumbaonline.com.br\/news\/wp-json\/wp\/v2\/types\/post"}],"author":[{"embeddable":true,"href":"https:\/\/www.corumbaonline.com.br\/news\/wp-json\/wp\/v2\/users\/1"}],"replies":[{"embeddable":true,"href":"https:\/\/www.corumbaonline.com.br\/news\/wp-json\/wp\/v2\/comments?post=20263"}],"version-history":[{"count":1,"href":"https:\/\/www.corumbaonline.com.br\/news\/wp-json\/wp\/v2\/posts\/20263\/revisions"}],"predecessor-version":[{"id":20265,"href":"https:\/\/www.corumbaonline.com.br\/news\/wp-json\/wp\/v2\/posts\/20263\/revisions\/20265"}],"wp:featuredmedia":[{"embeddable":true,"href":"https:\/\/www.corumbaonline.com.br\/news\/wp-json\/wp\/v2\/media\/20264"}],"wp:attachment":[{"href":"https:\/\/www.corumbaonline.com.br\/news\/wp-json\/wp\/v2\/media?parent=20263"}],"wp:term":[{"taxonomy":"category","embeddable":true,"href":"https:\/\/www.corumbaonline.com.br\/news\/wp-json\/wp\/v2\/categories?post=20263"},{"taxonomy":"post_tag","embeddable":true,"href":"https:\/\/www.corumbaonline.com.br\/news\/wp-json\/wp\/v2\/tags?post=20263"}],"curies":[{"name":"wp","href":"https:\/\/api.w.org\/{rel}","templated":true}]}}