{"id":20275,"date":"2018-07-24T08:56:36","date_gmt":"2018-07-24T12:56:36","guid":{"rendered":"http:\/\/www.corumbaonline.com.br\/news\/?p=20275"},"modified":"2018-07-24T09:03:53","modified_gmt":"2018-07-24T13:03:53","slug":"professor-da-reme-pode-se-cadastrar-para-funcao-de-coordenador-pedagogico","status":"publish","type":"post","link":"https:\/\/www.corumbaonline.com.br\/news\/professor-da-reme-pode-se-cadastrar-para-funcao-de-coordenador-pedagogico\/","title":{"rendered":"Professor da REME pode se cadastrar para fun\u00e7\u00e3o de coordenador pedag\u00f3gico"},"content":{"rendered":"<p>Vai at\u00e9 \u00e0s 16 horas desta ter\u00e7a-feira, 24 de julho, o prazo de inscri\u00e7\u00e3o no cadastro de professores efetivos para atua\u00e7\u00e3o na fun\u00e7\u00e3o de coordenador pedag\u00f3gico nas escolas da Rede Municipal de Ensino (REME). O formul\u00e1rio, exclusivo para cadastro de professor efetivo, pode ser preenchido no site da Prefeitura de Corumb\u00e1. Para ter acesso \u00e0 ficha de inscri\u00e7\u00e3o basta clicar\u00a0<a href=\"https:\/\/docs.google.com\/forms\/d\/e\/1FAIpQLSdnLnaYPOUatnIKaBDiIG473TdD2t5r9753c25z2NplaTfi5A\/viewform\"><em><strong>aqu<\/strong><\/em>i<\/a>.<\/p>\n","protected":false},"excerpt":{"rendered":"<p>Vai at\u00e9 \u00e0s 16 horas desta ter\u00e7a-feira, 24 de julho, o prazo de inscri\u00e7\u00e3o no&#8230;<\/p>\n","protected":false},"author":1,"featured_media":0,"comment_status":"closed","ping_status":"closed","sticky":false,"template":"","format":"standard","meta":{"footnotes":""},"categories":[10],"tags":[],"class_list":["post-20275","post","type-post","status-publish","format-standard","hentry","category-educacao"],"_links":{"self":[{"href":"https:\/\/www.corumbaonline.com.br\/news\/wp-json\/wp\/v2\/posts\/20275","targetHints":{"allow":["GET"]}}],"collection":[{"href":"https:\/\/www.corumbaonline.com.br\/news\/wp-json\/wp\/v2\/posts"}],"about":[{"href":"https:\/\/www.corumbaonline.com.br\/news\/wp-json\/wp\/v2\/types\/post"}],"author":[{"embeddable":true,"href":"https:\/\/www.corumbaonline.com.br\/news\/wp-json\/wp\/v2\/users\/1"}],"replies":[{"embeddable":true,"href":"https:\/\/www.corumbaonline.com.br\/news\/wp-json\/wp\/v2\/comments?post=20275"}],"version-history":[{"count":1,"href":"https:\/\/www.corumbaonline.com.br\/news\/wp-json\/wp\/v2\/posts\/20275\/revisions"}],"predecessor-version":[{"id":20276,"href":"https:\/\/www.corumbaonline.com.br\/news\/wp-json\/wp\/v2\/posts\/20275\/revisions\/20276"}],"wp:attachment":[{"href":"https:\/\/www.corumbaonline.com.br\/news\/wp-json\/wp\/v2\/media?parent=20275"}],"wp:term":[{"taxonomy":"category","embeddable":true,"href":"https:\/\/www.corumbaonline.com.br\/news\/wp-json\/wp\/v2\/categories?post=20275"},{"taxonomy":"post_tag","embeddable":true,"href":"https:\/\/www.corumbaonline.com.br\/news\/wp-json\/wp\/v2\/tags?post=20275"}],"curies":[{"name":"wp","href":"https:\/\/api.w.org\/{rel}","templated":true}]}}