{"id":20314,"date":"2018-07-24T11:34:24","date_gmt":"2018-07-24T15:34:24","guid":{"rendered":"http:\/\/www.corumbaonline.com.br\/news\/?p=20314"},"modified":"2018-07-24T12:24:52","modified_gmt":"2018-07-24T16:24:52","slug":"roda-de-conversa-no-dia-25-lembra-dia-internacional-da-mulher-negra","status":"publish","type":"post","link":"https:\/\/www.corumbaonline.com.br\/news\/roda-de-conversa-no-dia-25-lembra-dia-internacional-da-mulher-negra\/","title":{"rendered":"Roda de conversa, no dia 25, lembra Dia Internacional da Mulher Negra"},"content":{"rendered":"<p>A passagem do Dia Nacional de Tereza de Benguela e da Mulher Negra e o Dia Internacional da Mulher Negra, Latino-Americana e Caribenha \u2013 celebrados em 25 de julho \u2013 ser\u00e1 lembrada em Corumb\u00e1 com a realiza\u00e7\u00e3o de um amplo debate para conscientiza\u00e7\u00e3o sobre a realidade nacional em torno dessa quest\u00e3o.<\/p>\n<p>&nbsp;<\/p>\n<p>O debate \u00e9 uma realiza\u00e7\u00e3o da Prefeitura de Corumb\u00e1, por meio da Secretaria Especial de Cidadania e Direitos Humanos atrav\u00e9s da Coordenadoria de Promo\u00e7\u00e3o da Igualdade Racial, e ser\u00e1 realizado na sede do CRAS I, que fica na rua C\u00e1ceres, bairro Centro Am\u00e9rica, a partir das 14 horas desta quarta-feira, dia 25.<\/p>\n<p>&nbsp;<\/p>\n<p>Coordenador de Promo\u00e7\u00e3o da Igualdade Racial, Jocimar Alves de Campos, informou que a a\u00e7\u00e3o contar\u00e1 com palestras e roda de conversa sobre a situa\u00e7\u00e3o da mulher negra no Brasil. Ele antecipou que o mesmo tema ser\u00e1 discutido na quinta-feira, dia 26, no CRAS III, localizado no bairro Cervejaria.<\/p>\n<p>&nbsp;<\/p>\n<p><strong>A data<\/strong><\/p>\n<p>&nbsp;<\/p>\n<p>O dia 25 de julho celebra o Dia da Mulher Afro-Latino-Americana e Caribenha. A data foi criada em 1992, durante o primeiro Encontro de Mulheres Afro-Latino-Americanas e Afro-Caribenhas, em Santo Domingos, Rep\u00fablica Dominicana, como marco internacional da luta e da resist\u00eancia da mulher negra.<\/p>\n<p>&nbsp;<\/p>\n<p>Cerca de 200 milh\u00f5es de pessoas que se identificam como afrodescendentes vivem na Am\u00e9rica Latina e no Caribe, e s\u00e3o as mais afetadas pela pobreza, marginaliza\u00e7\u00e3o e pelo racismo que atingem ainda mais as mulheres negras.<\/p>\n<p>&nbsp;<\/p>\n<p>No Brasil, a data tamb\u00e9m \u00e9 nacional, foi institu\u00edda pele lei n\u00ba 12.987\/2014, como o Dia Nacional de Tereza de Benguela e da Mulher Negra.<\/p>\n<p>&nbsp;<\/p>\n<p>Tereza de Benguela foi uma importante l\u00edder quilombola que viveu durante o s\u00e9culo 18. Os quilombos eram formados por aldeias de escravos que fugiam das fazendas. Ela era casada com Jos\u00e9 Piolho, que chefiava o quilombo do Piolho ou Quariter\u00ea, nos arredores de Vila Bela da Sant\u00edssima Trindade, no Mato Grosso. Quando o marido morreu, ela assumiu o comando da comunidade, revelando-se uma l\u00edder.<\/p>\n","protected":false},"excerpt":{"rendered":"<p>A passagem do Dia Nacional de Tereza de Benguela e da Mulher Negra e o&#8230;<\/p>\n","protected":false},"author":1,"featured_media":0,"comment_status":"closed","ping_status":"closed","sticky":false,"template":"","format":"standard","meta":{"footnotes":""},"categories":[14],"tags":[],"class_list":["post-20314","post","type-post","status-publish","format-standard","hentry","category-geral"],"_links":{"self":[{"href":"https:\/\/www.corumbaonline.com.br\/news\/wp-json\/wp\/v2\/posts\/20314","targetHints":{"allow":["GET"]}}],"collection":[{"href":"https:\/\/www.corumbaonline.com.br\/news\/wp-json\/wp\/v2\/posts"}],"about":[{"href":"https:\/\/www.corumbaonline.com.br\/news\/wp-json\/wp\/v2\/types\/post"}],"author":[{"embeddable":true,"href":"https:\/\/www.corumbaonline.com.br\/news\/wp-json\/wp\/v2\/users\/1"}],"replies":[{"embeddable":true,"href":"https:\/\/www.corumbaonline.com.br\/news\/wp-json\/wp\/v2\/comments?post=20314"}],"version-history":[{"count":1,"href":"https:\/\/www.corumbaonline.com.br\/news\/wp-json\/wp\/v2\/posts\/20314\/revisions"}],"predecessor-version":[{"id":20315,"href":"https:\/\/www.corumbaonline.com.br\/news\/wp-json\/wp\/v2\/posts\/20314\/revisions\/20315"}],"wp:attachment":[{"href":"https:\/\/www.corumbaonline.com.br\/news\/wp-json\/wp\/v2\/media?parent=20314"}],"wp:term":[{"taxonomy":"category","embeddable":true,"href":"https:\/\/www.corumbaonline.com.br\/news\/wp-json\/wp\/v2\/categories?post=20314"},{"taxonomy":"post_tag","embeddable":true,"href":"https:\/\/www.corumbaonline.com.br\/news\/wp-json\/wp\/v2\/tags?post=20314"}],"curies":[{"name":"wp","href":"https:\/\/api.w.org\/{rel}","templated":true}]}}