{"id":20338,"date":"2018-07-25T08:24:15","date_gmt":"2018-07-25T12:24:15","guid":{"rendered":"http:\/\/www.corumbaonline.com.br\/news\/?p=20338"},"modified":"2018-07-25T08:57:00","modified_gmt":"2018-07-25T12:57:00","slug":"moka-reitera-que-mdb-nao-tem-plano-b-e-reforca-candidatura-de-puccinelli","status":"publish","type":"post","link":"https:\/\/www.corumbaonline.com.br\/news\/moka-reitera-que-mdb-nao-tem-plano-b-e-reforca-candidatura-de-puccinelli\/","title":{"rendered":"Moka reitera que MDB n\u00e3o tem \u2018plano b\u2019 e refor\u00e7a candidatura de Puccinelli"},"content":{"rendered":"<p>Lideran\u00e7as e aliados do ex-governador Andr\u00e9 Puccinelli, pr\u00e9-candidato do MDB ao governo estadual e preso desde a \u00faltima sexta-feira (20), t\u00eam refor\u00e7ado tese de que o partido n\u00e3o cogita substitu\u00ed-lo na cabe\u00e7a da chapa.<\/p>\n<p>\u201cAs medidas cab\u00edveis j\u00e1 est\u00e3o sendo tomadas pelos advogados. N\u00e3o h\u00e1 \u2018Plano B\u2019 e voltamos a reiterar que o nosso pr\u00e9-candidato ao governo do Mato Grosso do Sul, pelo MDB, \u00e9 Andr\u00e9 Puccinelli\u201d, postou em suas redes sociais o senador Waldemir Moka, ainda pr\u00e9-candidato \u00e0 reelei\u00e7\u00e3o pelo MDB.<\/p>\n<p>Na manh\u00e3 desta quarta-feira (25), deputados do MDB e aliados foram ao Centro de Triagem onde o ex-governador cumpre pris\u00e3o preventiva, por decis\u00e3o da Justi\u00e7a Federal, ainda em decorr\u00eancia dos desdobramentos da Opera\u00e7\u00e3o Lama Asf\u00e1ltica.<\/p>\n<p>\u201cO melhor que podemos fazer neste momento \u00e9 ofertar solidariedade e cren\u00e7a na justi\u00e7a. Acreditamos que todos os fatos ser\u00e3o esclarecidos e resolvidos, apesar de ocorrer \u00e0s v\u00e9speras da nossa conven\u00e7\u00e3o\u201d, declarou Moka.<\/p>\n<p>O MDB j\u00e1 anunciou que mant\u00e9m sua conven\u00e7\u00e3o para o pr\u00f3ximo dia 4 de agosto, e espera contar com a presen\u00e7a do ex-governador, que deve ter homologado seu nome para disputar pela 3\u00aa vez o governo do Estado.<\/p>\n","protected":false},"excerpt":{"rendered":"<p>Lideran\u00e7as e aliados do ex-governador Andr\u00e9 Puccinelli, pr\u00e9-candidato do MDB ao governo estadual e preso&#8230;<\/p>\n","protected":false},"author":1,"featured_media":0,"comment_status":"closed","ping_status":"closed","sticky":false,"template":"","format":"standard","meta":{"footnotes":""},"categories":[101,19],"tags":[],"class_list":["post-20338","post","type-post","status-publish","format-standard","hentry","category-eleicoes","category-politica"],"_links":{"self":[{"href":"https:\/\/www.corumbaonline.com.br\/news\/wp-json\/wp\/v2\/posts\/20338","targetHints":{"allow":["GET"]}}],"collection":[{"href":"https:\/\/www.corumbaonline.com.br\/news\/wp-json\/wp\/v2\/posts"}],"about":[{"href":"https:\/\/www.corumbaonline.com.br\/news\/wp-json\/wp\/v2\/types\/post"}],"author":[{"embeddable":true,"href":"https:\/\/www.corumbaonline.com.br\/news\/wp-json\/wp\/v2\/users\/1"}],"replies":[{"embeddable":true,"href":"https:\/\/www.corumbaonline.com.br\/news\/wp-json\/wp\/v2\/comments?post=20338"}],"version-history":[{"count":1,"href":"https:\/\/www.corumbaonline.com.br\/news\/wp-json\/wp\/v2\/posts\/20338\/revisions"}],"predecessor-version":[{"id":20339,"href":"https:\/\/www.corumbaonline.com.br\/news\/wp-json\/wp\/v2\/posts\/20338\/revisions\/20339"}],"wp:attachment":[{"href":"https:\/\/www.corumbaonline.com.br\/news\/wp-json\/wp\/v2\/media?parent=20338"}],"wp:term":[{"taxonomy":"category","embeddable":true,"href":"https:\/\/www.corumbaonline.com.br\/news\/wp-json\/wp\/v2\/categories?post=20338"},{"taxonomy":"post_tag","embeddable":true,"href":"https:\/\/www.corumbaonline.com.br\/news\/wp-json\/wp\/v2\/tags?post=20338"}],"curies":[{"name":"wp","href":"https:\/\/api.w.org\/{rel}","templated":true}]}}