{"id":20369,"date":"2018-07-26T08:42:59","date_gmt":"2018-07-26T12:42:59","guid":{"rendered":"http:\/\/www.corumbaonline.com.br\/news\/?p=20369"},"modified":"2018-07-26T08:42:51","modified_gmt":"2018-07-26T12:42:51","slug":"brasil-tem-822-casos-confirmados-de-sarampo-3-831-sao-investigados","status":"publish","type":"post","link":"https:\/\/www.corumbaonline.com.br\/news\/brasil-tem-822-casos-confirmados-de-sarampo-3-831-sao-investigados\/","title":{"rendered":"Brasil tem 822 casos confirmados de sarampo; 3.831 s\u00e3o investigados"},"content":{"rendered":"<p>Dados atualizados pelo Minist\u00e9rio da Sa\u00fade apontam que o Brasil registra 822 casos confirmados de sarampo, sendo 519 no Amazonas e 272 em Roraima. Ambos os estados t\u00eam ainda 3.831 casos em investiga\u00e7\u00e3o. Casos considerados isolados foram confirmados em S\u00e3o Paulo (1), no Rio de Janeiro (14), no Rio Grande do Sul (13), em Rond\u00f4nia (1) e no Par\u00e1 (2).<\/p>\n<p>De acordo com o minist\u00e9rio, os dois surtos identificados no Norte e os demais casos no Sul e Sudeste est\u00e3o relacionados \u00e0 importa\u00e7\u00e3o, j\u00e1 que foi comprovado que o v\u00edrus que circula no Brasil \u00e9 o mesmo da Venezuela. \u201cCabe esclarecer que as medidas de bloqueio de vacina\u00e7\u00e3o, mesmo em casos suspeitos, est\u00e3o sendo realizadas em todos os estados\u201d, destacou o Minist\u00e9rio da Sa\u00fade, por meio de nota.<\/p>\n<h2>Elimina\u00e7\u00e3o<\/h2>\n<p>Em 2016, o Brasil recebeu da Organiza\u00e7\u00e3o Pan-Americana da Sa\u00fade (Opas) o certificado de elimina\u00e7\u00e3o da circula\u00e7\u00e3o do v\u00edrus do sarampo e, atualmente, segundo o governo, empreende esfor\u00e7os para interromper a transmiss\u00e3o dos surtos. Para ser considerada transmiss\u00e3o sustentada da doen\u00e7a, um mesmo surto deve se manter por mais de 12 meses.<\/p>\n<p>Entre 2013 e 2015, o Brasil registrou surtos decorrentes de pacientes vindos de outros pa\u00edses, quando foram registrados 1.310 casos de sarampo \u2013 a maioria, em Pernambuco e no Cear\u00e1.<\/p>\n<h2>Esquema vacinal<\/h2>\n<p>A dose contra o sarampo \u00e9 ofertada gratuitamente por meio da vacina tr\u00edplice viral (sarampo, rub\u00e9ola e caxumba) e da tetra viral (sarampo, rub\u00e9ola, caxumba e varicela). Ambas fazem parte do Calend\u00e1rio Nacional de Vacina\u00e7\u00e3o e est\u00e3o dispon\u00edveis ao longo de todo o ano nos postos de sa\u00fades.<\/p>\n<p>Neste momento, o minist\u00e9rio est\u00e1 intensificando a vacina\u00e7\u00e3o entre crian\u00e7as, p\u00fablico mais suscet\u00edvel \u00e0 doen\u00e7a. A indica\u00e7\u00e3o \u00e9 que elas recebam uma dose da tr\u00edplice viral aos 12 meses e uma da tetra viral aos 15 meses. Crian\u00e7as entre 5 e 9 anos que n\u00e3o foram vacinadas anteriormente devem receber duas doses da tr\u00edplice viral, com intervalo de 30 dias entre elas.<\/p>\n<p>Adultos n\u00e3o vacinados devem receber a vacina prioritariamente em locais onde h\u00e1 surto da doen\u00e7a, como Roraima e Manaus. Pessoas que j\u00e1 completaram o esquema vacinal n\u00e3o precisam se vacinar novamente.<\/p>\n<h2>Campanha<\/h2>\n<p>A Campanha Nacional de Vacina\u00e7\u00e3o contra a Poliomielite e o Sarampo ser\u00e1 de 6 a 31 de agosto, com o chamado Dia D de Mobiliza\u00e7\u00e3o Nacional agendado para 18 de agosto. Todas as crian\u00e7as com idade entre 1 ano e menores de 5 anos devem ser levadas aos postos de sa\u00fade \u2013 mesmo que j\u00e1 tenham sido imunizadas anteriormente.<\/p>\n<h2>Am\u00e9ricas<\/h2>\n<p>A regi\u00e3o das Am\u00e9ricas foi a primeira em todo o mundo a ser declarada, em 2016, como livre do sarampo. A doen\u00e7a pode causar graves problemas de sa\u00fade, como pneumonia, cegueira, inflama\u00e7\u00e3o do c\u00e9rebro e at\u00e9 mesmo a morte. A Opas alertou que, at\u00e9 que o v\u00edrus seja erradicado em todo o mundo, h\u00e1 sempre o risco de um pa\u00eds ou continente registrar casos importados.<\/p>\n","protected":false},"excerpt":{"rendered":"<p>Dados atualizados pelo Minist\u00e9rio da Sa\u00fade apontam que o Brasil registra 822 casos confirmados de&#8230;<\/p>\n","protected":false},"author":1,"featured_media":0,"comment_status":"closed","ping_status":"closed","sticky":false,"template":"","format":"standard","meta":{"footnotes":""},"categories":[21],"tags":[],"class_list":["post-20369","post","type-post","status-publish","format-standard","hentry","category-saude"],"_links":{"self":[{"href":"https:\/\/www.corumbaonline.com.br\/news\/wp-json\/wp\/v2\/posts\/20369","targetHints":{"allow":["GET"]}}],"collection":[{"href":"https:\/\/www.corumbaonline.com.br\/news\/wp-json\/wp\/v2\/posts"}],"about":[{"href":"https:\/\/www.corumbaonline.com.br\/news\/wp-json\/wp\/v2\/types\/post"}],"author":[{"embeddable":true,"href":"https:\/\/www.corumbaonline.com.br\/news\/wp-json\/wp\/v2\/users\/1"}],"replies":[{"embeddable":true,"href":"https:\/\/www.corumbaonline.com.br\/news\/wp-json\/wp\/v2\/comments?post=20369"}],"version-history":[{"count":1,"href":"https:\/\/www.corumbaonline.com.br\/news\/wp-json\/wp\/v2\/posts\/20369\/revisions"}],"predecessor-version":[{"id":20371,"href":"https:\/\/www.corumbaonline.com.br\/news\/wp-json\/wp\/v2\/posts\/20369\/revisions\/20371"}],"wp:attachment":[{"href":"https:\/\/www.corumbaonline.com.br\/news\/wp-json\/wp\/v2\/media?parent=20369"}],"wp:term":[{"taxonomy":"category","embeddable":true,"href":"https:\/\/www.corumbaonline.com.br\/news\/wp-json\/wp\/v2\/categories?post=20369"},{"taxonomy":"post_tag","embeddable":true,"href":"https:\/\/www.corumbaonline.com.br\/news\/wp-json\/wp\/v2\/tags?post=20369"}],"curies":[{"name":"wp","href":"https:\/\/api.w.org\/{rel}","templated":true}]}}