{"id":20377,"date":"2018-07-26T09:09:50","date_gmt":"2018-07-26T13:09:50","guid":{"rendered":"http:\/\/www.corumbaonline.com.br\/news\/?p=20377"},"modified":"2018-07-26T09:12:36","modified_gmt":"2018-07-26T13:12:36","slug":"duas-pessoas-ficam-feridas-apos-acidente-envolvendo-carro-e-moto","status":"publish","type":"post","link":"https:\/\/www.corumbaonline.com.br\/news\/duas-pessoas-ficam-feridas-apos-acidente-envolvendo-carro-e-moto\/","title":{"rendered":"Duas pessoas ficam feridas ap\u00f3s acidente envolvendo carro e moto"},"content":{"rendered":"<p>Acidente de tr\u00e2nsito envolvendo carro e moto foi uma das 12 ocorr\u00eancias registradas pelo plant\u00e3o da Central de Opera\u00e7\u00f5es do Corpo de Bombeiros Militar, nas ultimas 24 horas.<\/p>\n<p>A equipe dos bombeiros foi mobilizada por volta de 11h e se deslocou at\u00e9 o cruzamento das ruas Cabral e XV de Novembro, na \u00e1rea central, onde duas pessoas estavam feridas.<\/p>\n<p>Com a colis\u00e3o, o condutor da moto foi ao solo e apresentava corte nos l\u00e1bios e alegava fortes dores no ombro esquerdo, j\u00e1 o passageiro estava com um corte na m\u00e3o esquerda.<\/p>\n<p>Ap\u00f3s o atendimento emergencial os dois foram removidos ao pronto-socorro municipal. A condutora do veiculo, uma boliviana de 23 anos nada sofreu.<\/p>\n","protected":false},"excerpt":{"rendered":"<p>Acidente de tr\u00e2nsito envolvendo carro e moto foi uma das 12 ocorr\u00eancias registradas pelo plant\u00e3o&#8230;<\/p>\n","protected":false},"author":1,"featured_media":20378,"comment_status":"closed","ping_status":"closed","sticky":false,"template":"","format":"standard","meta":{"footnotes":""},"categories":[18],"tags":[],"class_list":["post-20377","post","type-post","status-publish","format-standard","has-post-thumbnail","hentry","category-seguranca"],"_links":{"self":[{"href":"https:\/\/www.corumbaonline.com.br\/news\/wp-json\/wp\/v2\/posts\/20377","targetHints":{"allow":["GET"]}}],"collection":[{"href":"https:\/\/www.corumbaonline.com.br\/news\/wp-json\/wp\/v2\/posts"}],"about":[{"href":"https:\/\/www.corumbaonline.com.br\/news\/wp-json\/wp\/v2\/types\/post"}],"author":[{"embeddable":true,"href":"https:\/\/www.corumbaonline.com.br\/news\/wp-json\/wp\/v2\/users\/1"}],"replies":[{"embeddable":true,"href":"https:\/\/www.corumbaonline.com.br\/news\/wp-json\/wp\/v2\/comments?post=20377"}],"version-history":[{"count":1,"href":"https:\/\/www.corumbaonline.com.br\/news\/wp-json\/wp\/v2\/posts\/20377\/revisions"}],"predecessor-version":[{"id":20379,"href":"https:\/\/www.corumbaonline.com.br\/news\/wp-json\/wp\/v2\/posts\/20377\/revisions\/20379"}],"wp:featuredmedia":[{"embeddable":true,"href":"https:\/\/www.corumbaonline.com.br\/news\/wp-json\/wp\/v2\/media\/20378"}],"wp:attachment":[{"href":"https:\/\/www.corumbaonline.com.br\/news\/wp-json\/wp\/v2\/media?parent=20377"}],"wp:term":[{"taxonomy":"category","embeddable":true,"href":"https:\/\/www.corumbaonline.com.br\/news\/wp-json\/wp\/v2\/categories?post=20377"},{"taxonomy":"post_tag","embeddable":true,"href":"https:\/\/www.corumbaonline.com.br\/news\/wp-json\/wp\/v2\/tags?post=20377"}],"curies":[{"name":"wp","href":"https:\/\/api.w.org\/{rel}","templated":true}]}}