{"id":20389,"date":"2018-07-26T10:35:47","date_gmt":"2018-07-26T14:35:47","guid":{"rendered":"http:\/\/www.corumbaonline.com.br\/news\/?p=20389"},"modified":"2018-07-26T11:39:15","modified_gmt":"2018-07-26T15:39:15","slug":"publicado-edital-de-cadastro-temporario-para-professores-da-educacao-profissional","status":"publish","type":"post","link":"https:\/\/www.corumbaonline.com.br\/news\/publicado-edital-de-cadastro-temporario-para-professores-da-educacao-profissional\/","title":{"rendered":"Publicado edital de cadastro tempor\u00e1rio para professores da Educa\u00e7\u00e3o Profissional"},"content":{"rendered":"<p>Foi publicado nesta quarta-feira (25.7), no\u00a0<a href=\"http:\/\/www.spdo.ms.gov.br\/diariodoe\/Index\/Download\/DO9704_25_07_2018\" target=\"_blank\" rel=\"noopener noreferrer\">Di\u00e1rio Oficial do Estado<\/a>\u00a0(DOE) o edital de cadastro complementar para professores dos cursos de Educa\u00e7\u00e3o Profissional.<\/p>\n<p>De acordo com o documento, a contrata\u00e7\u00e3o ser\u00e1 de profissionais \u2013 em car\u00e1ter tempor\u00e1rio \u2013 para as atividades do Pronatec, MedioTec Profuncion\u00e1rio e Rede e-Tec Brasil, oferecidos pela Rede Estadual de Ensino (REE), para o bi\u00eanio 2018-2019.<\/p>\n<p>O per\u00edodo de inscri\u00e7\u00f5es ser\u00e1 no per\u00edodo de 26 at\u00e9 31 de julho. Os interessados devem realizar a inscri\u00e7\u00e3o \u2013 exclusivamente \u2013 via internet, por meio do formul\u00e1rio dispon\u00edvel no\u00a0<a href=\"http:\/\/sistemas.sed.ms.gov.br\/cadastroreserva\/\" target=\"_blank\" rel=\"noopener noreferrer\">endere\u00e7o eletr\u00f4nico<\/a>. Os interessados devem acessar o link e seguir adequadamente as instru\u00e7\u00f5es que constar\u00e3o da tela para a efetiva\u00e7\u00e3o do cadastro.<\/p>\n<p>Poder\u00e3o se cadastrar os profissionais da REE e aqueles n\u00e3o integrantes da Rede Estadual de Ensino desde que possuam a habilita\u00e7\u00e3o pertinente. O edital completo est\u00e1 dispon\u00edvel nas p\u00e1ginas de 4 a 7, da edi\u00e7\u00e3o n\u00ba 9.704 do DOE.<\/p>\n","protected":false},"excerpt":{"rendered":"<p>Foi publicado nesta quarta-feira (25.7), no\u00a0Di\u00e1rio Oficial do Estado\u00a0(DOE) o edital de cadastro complementar para&#8230;<\/p>\n","protected":false},"author":1,"featured_media":0,"comment_status":"closed","ping_status":"closed","sticky":false,"template":"","format":"standard","meta":{"footnotes":""},"categories":[10],"tags":[],"class_list":["post-20389","post","type-post","status-publish","format-standard","hentry","category-educacao"],"_links":{"self":[{"href":"https:\/\/www.corumbaonline.com.br\/news\/wp-json\/wp\/v2\/posts\/20389","targetHints":{"allow":["GET"]}}],"collection":[{"href":"https:\/\/www.corumbaonline.com.br\/news\/wp-json\/wp\/v2\/posts"}],"about":[{"href":"https:\/\/www.corumbaonline.com.br\/news\/wp-json\/wp\/v2\/types\/post"}],"author":[{"embeddable":true,"href":"https:\/\/www.corumbaonline.com.br\/news\/wp-json\/wp\/v2\/users\/1"}],"replies":[{"embeddable":true,"href":"https:\/\/www.corumbaonline.com.br\/news\/wp-json\/wp\/v2\/comments?post=20389"}],"version-history":[{"count":1,"href":"https:\/\/www.corumbaonline.com.br\/news\/wp-json\/wp\/v2\/posts\/20389\/revisions"}],"predecessor-version":[{"id":20390,"href":"https:\/\/www.corumbaonline.com.br\/news\/wp-json\/wp\/v2\/posts\/20389\/revisions\/20390"}],"wp:attachment":[{"href":"https:\/\/www.corumbaonline.com.br\/news\/wp-json\/wp\/v2\/media?parent=20389"}],"wp:term":[{"taxonomy":"category","embeddable":true,"href":"https:\/\/www.corumbaonline.com.br\/news\/wp-json\/wp\/v2\/categories?post=20389"},{"taxonomy":"post_tag","embeddable":true,"href":"https:\/\/www.corumbaonline.com.br\/news\/wp-json\/wp\/v2\/tags?post=20389"}],"curies":[{"name":"wp","href":"https:\/\/api.w.org\/{rel}","templated":true}]}}