{"id":20395,"date":"2018-07-26T11:10:43","date_gmt":"2018-07-26T15:10:43","guid":{"rendered":"http:\/\/www.corumbaonline.com.br\/news\/?p=20395"},"modified":"2018-07-26T11:50:15","modified_gmt":"2018-07-26T15:50:15","slug":"centrao-oficializa-apoio-a-geraldo-alckmin-para-presidencia","status":"publish","type":"post","link":"https:\/\/www.corumbaonline.com.br\/news\/centrao-oficializa-apoio-a-geraldo-alckmin-para-presidencia\/","title":{"rendered":"Centr\u00e3o oficializa apoio a Geraldo Alckmin para Presid\u00eancia"},"content":{"rendered":"<p>Partidos que comp\u00f5em o chamado Centr\u00e3o, formado por DEM, PP, PRB, PR e Solidariedade, oficializaram nesta quinta-feira (26 ) apoio \u00e0 pr\u00e9-candidatura do ex-governador de S\u00e3o Paulo Geraldo Alckmin (PSDB) \u00e0 Presid\u00eancia da Rep\u00fablica. O nome do vice-presidente continua sem defini\u00e7\u00e3o. O assunto permanece em reuni\u00f5es internas com lideran\u00e7as dos partidos e o presidenci\u00e1vel, em Bras\u00edlia.<\/p>\n<p>O bloco aguarda resposta definitiva ao convite feito ao empres\u00e1rio Josu\u00e9 Gomes (PR), filho de Jos\u00e9 Alencar, vice-presidente do governo Luiz In\u00e1cio Lula da Silva, morto em 2011, v\u00edtima de c\u00e2ncer. Ao ser questionado sobre o vice, Alckmin voltou a dizer que &#8220;n\u00e3o est\u00e1 com pressa&#8221; e que tem at\u00e9 o dia 4 de agosto, dia da conven\u00e7\u00e3o nacional dos tucanos, para definir um nome.<\/p>\n<p>Por enquanto, a certeza dada pelo presidenci\u00e1vel \u00e9 que o vice n\u00e3o vir\u00e1 de S\u00e3o Paulo. Al\u00e9m de Josu\u00e9, nomes de outras siglas do bloco foram discutidos. O Solidariedade, por exemplo, sugeriu para compor a chapa o ex-deputado e ex-ministro Aldo Rebelo (SP), e o PP queria a cadeira para o empres\u00e1rio Benjamin Steinbruch.<\/p>\n<p>Ao discursar e agradecer o apoio do Centr\u00e3o, Alckmin lembrou a campanha de 2006, quando foi derrotado por Lula no segundo turno. Disse que, desta vez, se sente mais maduro para a disputa e lembrou que n\u00e3o \u00e9 um momento f\u00e1cil. \u201cQuem assumir em 1\u00ba de janeiro enfrentar\u00e1 mais um ano de d\u00e9ficit prim\u00e1rio\u201d, destacou. Ele acrescentou que, al\u00e9m disso, o pa\u00eds tem mais de 13 milh\u00f5es de pessoas desempregadas e enfrenta o \u201c drama da seguran\u00e7a p\u00fablica\u201d.<\/p>\n<p>\u201cO caminho n\u00e3o \u00e9 nem autoritarismo, nem populismo, mas a democracia\u201d, disse o tucano, que prometeu focar seu governo na gera\u00e7\u00e3o de emprego e renda.<\/p>\n<h2>Rodrigo Maia<\/h2>\n<p>Em entrevista coletiva, em Bras\u00edlia, o presidente do Democratas, ACM Neto, leu uma carta enviada pelo presidente da C\u00e2mara dos Deputados, Rodrigo Maia (DEM-RJ), que est\u00e1 em Miami. Na carta, Maia, pr\u00e9-candidato \u00e0 Presid\u00eancia da Rep\u00fablica, disse que a decis\u00e3o de abandonar a corrida presidencial foi tomada em conjunto com os partidos do bloco e que o caminho foi unir esfor\u00e7os em torno do projeto pol\u00edtico que \u201cparece mais vi\u00e1vel para evitar marcha \u00e0 r\u00e9 no pa\u00eds\u201d. Ao declinar da pr\u00e9-candidatura, Maia disse que vai tentar se reeleger como deputado federal.<\/p>\n","protected":false},"excerpt":{"rendered":"<p>Partidos que comp\u00f5em o chamado Centr\u00e3o, formado por DEM, PP, PRB, PR e Solidariedade, oficializaram&#8230;<\/p>\n","protected":false},"author":1,"featured_media":0,"comment_status":"closed","ping_status":"closed","sticky":false,"template":"","format":"standard","meta":{"footnotes":""},"categories":[19],"tags":[],"class_list":["post-20395","post","type-post","status-publish","format-standard","hentry","category-politica"],"_links":{"self":[{"href":"https:\/\/www.corumbaonline.com.br\/news\/wp-json\/wp\/v2\/posts\/20395","targetHints":{"allow":["GET"]}}],"collection":[{"href":"https:\/\/www.corumbaonline.com.br\/news\/wp-json\/wp\/v2\/posts"}],"about":[{"href":"https:\/\/www.corumbaonline.com.br\/news\/wp-json\/wp\/v2\/types\/post"}],"author":[{"embeddable":true,"href":"https:\/\/www.corumbaonline.com.br\/news\/wp-json\/wp\/v2\/users\/1"}],"replies":[{"embeddable":true,"href":"https:\/\/www.corumbaonline.com.br\/news\/wp-json\/wp\/v2\/comments?post=20395"}],"version-history":[{"count":1,"href":"https:\/\/www.corumbaonline.com.br\/news\/wp-json\/wp\/v2\/posts\/20395\/revisions"}],"predecessor-version":[{"id":20396,"href":"https:\/\/www.corumbaonline.com.br\/news\/wp-json\/wp\/v2\/posts\/20395\/revisions\/20396"}],"wp:attachment":[{"href":"https:\/\/www.corumbaonline.com.br\/news\/wp-json\/wp\/v2\/media?parent=20395"}],"wp:term":[{"taxonomy":"category","embeddable":true,"href":"https:\/\/www.corumbaonline.com.br\/news\/wp-json\/wp\/v2\/categories?post=20395"},{"taxonomy":"post_tag","embeddable":true,"href":"https:\/\/www.corumbaonline.com.br\/news\/wp-json\/wp\/v2\/tags?post=20395"}],"curies":[{"name":"wp","href":"https:\/\/api.w.org\/{rel}","templated":true}]}}