{"id":20404,"date":"2018-07-26T11:53:19","date_gmt":"2018-07-26T15:53:19","guid":{"rendered":"http:\/\/www.corumbaonline.com.br\/news\/?p=20404"},"modified":"2018-07-26T12:10:22","modified_gmt":"2018-07-26T16:10:22","slug":"ministro-da-agricultura-do-paraguai-morre-em-queda-de-aviao-apos-decolagem","status":"publish","type":"post","link":"https:\/\/www.corumbaonline.com.br\/news\/ministro-da-agricultura-do-paraguai-morre-em-queda-de-aviao-apos-decolagem\/","title":{"rendered":"Ministro da Agricultura do Paraguai morre em queda de avi\u00e3o ap\u00f3s decolagem"},"content":{"rendered":"<p>O ministro da Agriculta e Pecu\u00e1ria do Paraguai, Luis Gneitng, e mais tr\u00eas pessoas morreram no acidente do avi\u00e3o bimotor que caiu ap\u00f3s decolar do aeroporto na cidade de Ayolas. Os destro\u00e7os da aeronave foram encontrados na manh\u00e3 desta quinta-feira (26) a seis quil\u00f4metros do local de decolagem. As equipes de resgate n\u00e3o encontraram sobreviventes, de acordo com o jornal paraguaio ABC Color.<\/p>\n<p>Luis Gneitng; o vice-ministro de Pecu\u00e1ria, Vicente Rigoberto Ram\u00edrez Imas; o funcion\u00e1rio do minist\u00e9rio Luis Eladio Charotti Barquinero e o piloto Gerardo Cayetano L\u00f3pez Z\u00e1rate voltavam para a capital Assun\u00e7\u00e3o ap\u00f3s cumprir compromissos p\u00fablicos no interior.<\/p>\n<p>A aeronave onde estavam perdeu contato com a torre de controle em Assun\u00e7\u00e3o minutos ap\u00f3s a decolagem na cidade de Ayolas, \u00e0s 18h22 (hor\u00e1rio local e o mesmo de MS), quando j\u00e1 havia escurecido e ca\u00eda uma leve garoa. A viagem tinha um percurso estimado de 1h15 de dura\u00e7\u00e3o.<\/p>\n<p>O avi\u00e3o foi encontrado ap\u00f3s cerca de catorze horas de tentativas de contato com os ocupantes e buscas por terra, \u00e1gua e ar, que come\u00e7ou logo ap\u00f3s o avi\u00e3o desaparecer do radar. At\u00e9 drones foram utilizados nas buscas.<\/p>\n<p>A aeronave foi encontrada na parte de um rio semelhante a um p\u00e2ntano, com \u00e1guas de pelo menos tr\u00eas metros de profundidade.<\/p>\n<p>Gneiting, era um veterano pol\u00edtico do Partido Colorado, foi designado em maio como ministro de Agricultura e Pecu\u00e1ria pelo presidente Horacio Cartes. Ele foi governador de Itap\u00faa, uma das principais regi\u00f5es produtoras de soja do Paraguai.<\/p>\n","protected":false},"excerpt":{"rendered":"<p>O ministro da Agriculta e Pecu\u00e1ria do Paraguai, Luis Gneitng, e mais tr\u00eas pessoas morreram&#8230;<\/p>\n","protected":false},"author":1,"featured_media":20405,"comment_status":"closed","ping_status":"closed","sticky":false,"template":"","format":"standard","meta":{"footnotes":""},"categories":[15],"tags":[],"class_list":["post-20404","post","type-post","status-publish","format-standard","has-post-thumbnail","hentry","category-internacional"],"_links":{"self":[{"href":"https:\/\/www.corumbaonline.com.br\/news\/wp-json\/wp\/v2\/posts\/20404","targetHints":{"allow":["GET"]}}],"collection":[{"href":"https:\/\/www.corumbaonline.com.br\/news\/wp-json\/wp\/v2\/posts"}],"about":[{"href":"https:\/\/www.corumbaonline.com.br\/news\/wp-json\/wp\/v2\/types\/post"}],"author":[{"embeddable":true,"href":"https:\/\/www.corumbaonline.com.br\/news\/wp-json\/wp\/v2\/users\/1"}],"replies":[{"embeddable":true,"href":"https:\/\/www.corumbaonline.com.br\/news\/wp-json\/wp\/v2\/comments?post=20404"}],"version-history":[{"count":1,"href":"https:\/\/www.corumbaonline.com.br\/news\/wp-json\/wp\/v2\/posts\/20404\/revisions"}],"predecessor-version":[{"id":20406,"href":"https:\/\/www.corumbaonline.com.br\/news\/wp-json\/wp\/v2\/posts\/20404\/revisions\/20406"}],"wp:featuredmedia":[{"embeddable":true,"href":"https:\/\/www.corumbaonline.com.br\/news\/wp-json\/wp\/v2\/media\/20405"}],"wp:attachment":[{"href":"https:\/\/www.corumbaonline.com.br\/news\/wp-json\/wp\/v2\/media?parent=20404"}],"wp:term":[{"taxonomy":"category","embeddable":true,"href":"https:\/\/www.corumbaonline.com.br\/news\/wp-json\/wp\/v2\/categories?post=20404"},{"taxonomy":"post_tag","embeddable":true,"href":"https:\/\/www.corumbaonline.com.br\/news\/wp-json\/wp\/v2\/tags?post=20404"}],"curies":[{"name":"wp","href":"https:\/\/api.w.org\/{rel}","templated":true}]}}