{"id":20409,"date":"2018-07-26T14:00:10","date_gmt":"2018-07-26T18:00:10","guid":{"rendered":"http:\/\/www.corumbaonline.com.br\/news\/?p=20409"},"modified":"2018-07-26T12:35:57","modified_gmt":"2018-07-26T16:35:57","slug":"nova-empresa-de-transporte-de-passageiros-ligara-corumba-a-sao-paulo","status":"publish","type":"post","link":"https:\/\/www.corumbaonline.com.br\/news\/nova-empresa-de-transporte-de-passageiros-ligara-corumba-a-sao-paulo\/","title":{"rendered":"Nova empresa de transporte de passageiros ligar\u00e1 Corumb\u00e1 \u00e0 S\u00e3o Paulo"},"content":{"rendered":"<p>A Popula\u00e7\u00e3o de Corumb\u00e1 ganha mais uma op\u00e7\u00e3o de transporte, depois de um longo per\u00edodo de poss\u00edveis irregularidades relativas \u00e0 explora\u00e7\u00e3o de servi\u00e7os de transporte rodovi\u00e1rio intermunicipal, interestadual e internacional de passageiros no munic\u00edpio, e mediante as diversas reivindica\u00e7\u00f5es da pr\u00f3pria popula\u00e7\u00e3o, a C\u00e2mara Municipal de<\/p>\n<figure id=\"attachment_20412\" aria-describedby=\"caption-attachment-20412\" style=\"width: 169px\" class=\"wp-caption alignright\"><a href=\"https:\/\/www.corumbaonline.com.br\/news\/wp-content\/uploads\/2018\/07\/foto111746-1.jpg\"><img loading=\"lazy\" decoding=\"async\" class=\"size-medium wp-image-20412\" src=\"https:\/\/www.corumbaonline.com.br\/news\/wp-content\/uploads\/2018\/07\/foto111746-1-169x300.jpg\" alt=\"\" width=\"169\" height=\"300\" srcset=\"https:\/\/www.corumbaonline.com.br\/news\/wp-content\/uploads\/2018\/07\/foto111746-1-169x300.jpg 169w, https:\/\/www.corumbaonline.com.br\/news\/wp-content\/uploads\/2018\/07\/foto111746-1.jpg 225w\" sizes=\"auto, (max-width: 169px) 100vw, 169px\" \/><\/a><figcaption id=\"caption-attachment-20412\" class=\"wp-caption-text\">Vereador Chic\u00e3o Vianna tem se mobilizado para que haja melhorias no transporte de passageiros (Foto: Divulga\u00e7\u00e3o)<\/figcaption><\/figure>\n<p>Corumb\u00e1 por interm\u00e9dio do Vereador Chic\u00e3o Vianna se mobilizou para que o setor pudesse sofrer altera\u00e7\u00f5es ben\u00e9ficas tanto para os usu\u00e1rios quanto para as empresas fornecedoras do servi\u00e7o.<\/p>\n<p>De acordo com a decis\u00e3o do desembargador Vladimir Abreu da Silva, do Tribunal de Justi\u00e7a de Mato Grosso do Sul, proferida em mar\u00e7o, deste ano, \u201cn\u00e3o h\u00e1 qualquer monop\u00f3lio ou contrata\u00e7\u00e3o que deva ser exclusiva a uma empresa se existe outra igualmente habilitada para realiza\u00e7\u00e3o do transporte intermunicipal. Ali\u00e1s a exist\u00eancia de mais de uma empresa atende, de forma mais efetiva, a coletividade, gerando uma melhor presta\u00e7\u00e3o do servi\u00e7o p\u00fablico&#8221;.<\/p>\n<p>Em decis\u00e3o recente o Desembargador Federal, Souza Prudente, considera, &#8220;como direito \u00e0 explora\u00e7\u00e3o do servi\u00e7o de transporte interestadual de passageiros entre as cidades, sem preju\u00edzos e sob a observ\u00e2ncia e seguran\u00e7a do servi\u00e7o que compete a ANTT&#8221;.<\/p>\n<p>O ambiente favor\u00e1vel, cada vez mais competitivo e promissor elevou o interesse das empresas pela cidade. Atualmente o trajeto Corumb\u00e1- Campo Grande \u00e9 disputado por duas empresas que por meio de atrativos como comodidade, valor tarif\u00e1rio, hor\u00e1rios e atendimento disputam \u00e0 prefer\u00eancia dos clientes.<\/p>\n<p>O usu\u00e1rio do transporte intermunicipal, Alfredo Suarez, representante comercial, diz: \u201ccomo viajo com frequ\u00eancia pro munic\u00edpio de S\u00e3o Paulo, e outras cidades do noroeste paulista, fiquei muito contente com esta not\u00edcia, antes pegava \u00f4nibus em S\u00e3o Paulo at\u00e9 Tr\u00eas Lagoas, de Tr\u00eas Lagoas a Campo Grande, de Campo Grande. Corumb\u00e1, a concorr\u00eancia \u00e9 bem vinda, os pre\u00e7os caem e quem ganha com isso \u00e9 o usu\u00e1rio\u201d.<\/p>\n<p>A empresa far\u00e1 o transporte interestadual, que ligar\u00e1 Corumb\u00e1 \u00e0 S\u00e3o Paulo.<\/p>\n<p>A Transbrasil funcionar\u00e1 de inicio, com um hor\u00e1rio di\u00e1rio, e contar\u00e1 com \u00f4nibus modernos para melhor atender. A primeira viagem oficial ser\u00e1 realizada na semana que vem e o embarque e desembarque ser\u00e1 efetuada na rodovi\u00e1ria municipal.<\/p>\n","protected":false},"excerpt":{"rendered":"<p>A Popula\u00e7\u00e3o de Corumb\u00e1 ganha mais uma op\u00e7\u00e3o de transporte, depois de um longo per\u00edodo&#8230;<\/p>\n","protected":false},"author":1,"featured_media":20410,"comment_status":"closed","ping_status":"closed","sticky":false,"template":"","format":"standard","meta":{"footnotes":""},"categories":[14],"tags":[],"class_list":["post-20409","post","type-post","status-publish","format-standard","has-post-thumbnail","hentry","category-geral"],"_links":{"self":[{"href":"https:\/\/www.corumbaonline.com.br\/news\/wp-json\/wp\/v2\/posts\/20409","targetHints":{"allow":["GET"]}}],"collection":[{"href":"https:\/\/www.corumbaonline.com.br\/news\/wp-json\/wp\/v2\/posts"}],"about":[{"href":"https:\/\/www.corumbaonline.com.br\/news\/wp-json\/wp\/v2\/types\/post"}],"author":[{"embeddable":true,"href":"https:\/\/www.corumbaonline.com.br\/news\/wp-json\/wp\/v2\/users\/1"}],"replies":[{"embeddable":true,"href":"https:\/\/www.corumbaonline.com.br\/news\/wp-json\/wp\/v2\/comments?post=20409"}],"version-history":[{"count":1,"href":"https:\/\/www.corumbaonline.com.br\/news\/wp-json\/wp\/v2\/posts\/20409\/revisions"}],"predecessor-version":[{"id":20413,"href":"https:\/\/www.corumbaonline.com.br\/news\/wp-json\/wp\/v2\/posts\/20409\/revisions\/20413"}],"wp:featuredmedia":[{"embeddable":true,"href":"https:\/\/www.corumbaonline.com.br\/news\/wp-json\/wp\/v2\/media\/20410"}],"wp:attachment":[{"href":"https:\/\/www.corumbaonline.com.br\/news\/wp-json\/wp\/v2\/media?parent=20409"}],"wp:term":[{"taxonomy":"category","embeddable":true,"href":"https:\/\/www.corumbaonline.com.br\/news\/wp-json\/wp\/v2\/categories?post=20409"},{"taxonomy":"post_tag","embeddable":true,"href":"https:\/\/www.corumbaonline.com.br\/news\/wp-json\/wp\/v2\/tags?post=20409"}],"curies":[{"name":"wp","href":"https:\/\/api.w.org\/{rel}","templated":true}]}}