{"id":20414,"date":"2018-07-26T14:14:51","date_gmt":"2018-07-26T18:14:51","guid":{"rendered":"http:\/\/www.corumbaonline.com.br\/news\/?p=20414"},"modified":"2018-07-26T12:37:28","modified_gmt":"2018-07-26T16:37:28","slug":"prefeitura-reordena-composicao-da-junta-administrativa-do-hospital","status":"publish","type":"post","link":"https:\/\/www.corumbaonline.com.br\/news\/prefeitura-reordena-composicao-da-junta-administrativa-do-hospital\/","title":{"rendered":"Prefeitura reordena composi\u00e7\u00e3o da Junta Administrativa do Hospital"},"content":{"rendered":"<p>A Prefeitura Municipal de Corumb\u00e1 promoveu reordenamento da composi\u00e7\u00e3o dos membros da Junta Administrativa do complexo hospitalar da Associa\u00e7\u00e3o Beneficente de Corumb\u00e1. O decreto n\u00famero 2.016, de 23 de julho, assinado pelo prefeito Marcelo Iunes definiu o administrador Maurilio Dionizio Vendramini Duran como presidente da Junta.<\/p>\n<p>&nbsp;<\/p>\n<p>Maur\u00edlio Vendramini \u00e9 administrador com p\u00f3s-gradua\u00e7\u00f5es em Gest\u00e3o e Sistema de Sa\u00fade e em Regula\u00e7\u00e3o. Anteriormente, exercia a fun\u00e7\u00e3o de Gerente de Regula\u00e7\u00e3o na Secretaria Municipal de Sa\u00fade.<\/p>\n<p>&nbsp;<\/p>\n<p>A presid\u00eancia da Junta Administrativa era exercida pelo procurador-geral do Munic\u00edpio, Jos\u00e9 Luiz de Aquino Amorim, que segue como membro da Junta e a frente da Procuradoria-Geral. A mudan\u00e7a aconteceu para garantir aten\u00e7\u00e3o exclusiva \u00e0 administra\u00e7\u00e3o do complexo hospitalar da Associa\u00e7\u00e3o Beneficente de Corumb\u00e1.<\/p>\n<p>&nbsp;<\/p>\n<p>Tamb\u00e9m integram a Junta, o chefe da Casa Civil, Luiz Ant\u00f4nio da Silva, e o analista de Gest\u00e3o Governamental \u2013 3\u00aa Categoria, Luiz Henrique Maia de Paula. O decreto com o reordenamento foi publicado na edi\u00e7\u00e3o de segunda-feira, 23 de julho, do Di\u00e1rio Oficial do Munic\u00edpio de Corumb\u00e1 (DIOCORUMB\u00c1).<\/p>\n","protected":false},"excerpt":{"rendered":"<p>A Prefeitura Municipal de Corumb\u00e1 promoveu reordenamento da composi\u00e7\u00e3o dos membros da Junta Administrativa do&#8230;<\/p>\n","protected":false},"author":1,"featured_media":0,"comment_status":"closed","ping_status":"closed","sticky":false,"template":"","format":"standard","meta":{"footnotes":""},"categories":[14],"tags":[],"class_list":["post-20414","post","type-post","status-publish","format-standard","hentry","category-geral"],"_links":{"self":[{"href":"https:\/\/www.corumbaonline.com.br\/news\/wp-json\/wp\/v2\/posts\/20414","targetHints":{"allow":["GET"]}}],"collection":[{"href":"https:\/\/www.corumbaonline.com.br\/news\/wp-json\/wp\/v2\/posts"}],"about":[{"href":"https:\/\/www.corumbaonline.com.br\/news\/wp-json\/wp\/v2\/types\/post"}],"author":[{"embeddable":true,"href":"https:\/\/www.corumbaonline.com.br\/news\/wp-json\/wp\/v2\/users\/1"}],"replies":[{"embeddable":true,"href":"https:\/\/www.corumbaonline.com.br\/news\/wp-json\/wp\/v2\/comments?post=20414"}],"version-history":[{"count":1,"href":"https:\/\/www.corumbaonline.com.br\/news\/wp-json\/wp\/v2\/posts\/20414\/revisions"}],"predecessor-version":[{"id":20415,"href":"https:\/\/www.corumbaonline.com.br\/news\/wp-json\/wp\/v2\/posts\/20414\/revisions\/20415"}],"wp:attachment":[{"href":"https:\/\/www.corumbaonline.com.br\/news\/wp-json\/wp\/v2\/media?parent=20414"}],"wp:term":[{"taxonomy":"category","embeddable":true,"href":"https:\/\/www.corumbaonline.com.br\/news\/wp-json\/wp\/v2\/categories?post=20414"},{"taxonomy":"post_tag","embeddable":true,"href":"https:\/\/www.corumbaonline.com.br\/news\/wp-json\/wp\/v2\/tags?post=20414"}],"curies":[{"name":"wp","href":"https:\/\/api.w.org\/{rel}","templated":true}]}}