{"id":20429,"date":"2018-07-27T08:45:05","date_gmt":"2018-07-27T12:45:05","guid":{"rendered":"http:\/\/www.corumbaonline.com.br\/news\/?p=20429"},"modified":"2018-07-27T09:59:57","modified_gmt":"2018-07-27T13:59:57","slug":"analisando-14","status":"publish","type":"post","link":"https:\/\/www.corumbaonline.com.br\/news\/analisando-14\/","title":{"rendered":"Analisando&#8230;"},"content":{"rendered":"<p><strong>Lula<\/strong><\/p>\n<p>Pesquisa realizada pelo Instituto Vox Popoli entre os dias 18 a 20 de julho, em 121 munic\u00edpios traz a lideran\u00e7a ampliada do ex-presidente Lula. Ele subiu de 39% para 41% das inten\u00e7\u00f5es de voto e hoje venceria no primeiro turno as elei\u00e7\u00f5es presidenciais.\u00a0 O segundo colocado, Jair Bolsonaro se mantem com 12%. Ciro Gomes subiu de 4 para 5%. Marina Silva caiu de 6 para 4%. Inacredit\u00e1vel a for\u00e7a politica do Lula, ap\u00f3s 4 anos de pancadaria global e do Moro e ap\u00f3s quase 3 meses de pris\u00e3o.<\/p>\n<p><strong>Segundo Turno<\/strong><\/p>\n<p>Lula vence em todos os cen\u00e1rios de segundo turno.\u00a0 Todos os seus advers\u00e1rios tiveram quedas na inten\u00e7\u00e3o de votos se comparados \u00e0 pesquisa anterior. Apenas Lula teve crescimento. Pelo visto a novela do Habeas Corpus s\u00f3 fez bem ao ex-presidente. Agora resta saber se o TSE ter\u00e1 for\u00e7a para impedir a candidatura do ex-presidente com este \u00edndice de inten\u00e7\u00e3o de votos e com o seu processo n\u00e3o tendo sido transitado em julgado.<\/p>\n<p><strong>Tucanos<\/strong><\/p>\n<p>O pr\u00e9-candidato a presid\u00eancia, o tucano Geraldo Alckmin conseguiu arrebanhar os partidos do chamado Centr\u00e3o (PR, SD, PRB, PP) para sua chapa. Isso lhe garantiu mais 3 minutos de radio e televis\u00e3o. Outro partido que j\u00e1 fechou com os tucanos \u00e9 o DEM. E j\u00e1 at\u00e9 indicaram um poss\u00edvel nome para vice-presid\u00eancia, o ex-ministro da educa\u00e7\u00e3o Mendon\u00e7a Filho.<\/p>\n<p><strong>Andr\u00e9 <\/strong><\/p>\n<p>O mundo pol\u00edtico no MS ainda aguarda um desfecho para a pris\u00e3o tempor\u00e1ria do ex-governador Andr\u00e9 Puccinelli. Pr\u00e9-candidato ao governo do Estado, Andr\u00e9 promete n\u00e3o voltar atr\u00e1s da disputa e manteve a conven\u00e7\u00e3o do MDB para o pr\u00f3ximo dia 04\/08.<\/p>\n<p><strong>Mudan\u00e7as<\/strong><\/p>\n<p>Como anunciado em <strong>primeira m\u00e3o<\/strong> por esta coluna na semana passada, reviravolta na disputa por cadeiras rumo \u00e0 Assembleia Legislativa e o Congresso Nacional.\u00a0 A pr\u00e9-candidata Beatriz Cavassa (PSDB) disputar\u00e1 uma cadeira de deputado federal pelos tucanos. J\u00e1 na esfera estadual, entra na disputa o presidente do legislativo corumbaense, Evander Vendramini (PP). Ambos com apoio do prefeito Marcelo Iunes.<\/p>\n<p><strong>Demais Mudan\u00e7as<\/strong><\/p>\n<p>O ex-prefeito \u00c9der Brambila talvez n\u00e3o consiga disputar uma vaga em Bras\u00edlia. Corre pelos corredores que o mesmo ter\u00e1 dificuldades no registro de sua candidatura.<\/p>\n<p><strong>Outros Candidatos<\/strong><\/p>\n<p>Ainda ser\u00e3o candidatos a deputado estadual em Corumb\u00e1, os vereadores Tadeu Vieira e Chic\u00e3o Viana, Paulo Duarte (MDB), Prof. Jairton (PT), Jonhy Midon (PMN) e J\u00falio Trajano (PROS).<\/p>\n<p><strong>\u00a0<\/strong><\/p>\n<p><strong>O candidato Chor\u00e3o<\/strong><\/p>\n<p>Certo pr\u00e9-candidato a deputado estadual anda chorando nas redes sociais atrav\u00e9s de seus asseclas que s\u00f3 ele tem chances reais de ser eleito. Que todos que v\u00e3o disputar s\u00f3 est\u00e3o entrando pra atrapalhar esta \u201cben\u00e7\u00e3o\u201d. Parece o discurso de quem j\u00e1 sabe o resultado das urnas! \u00a0Oras, a mem\u00f3ria curta \u00e9 um problema mesmo. Nas elei\u00e7\u00f5es de 2014, quando este ilustre estava \u00e0 frente do processo eleitoral, Corumb\u00e1 teve 14 candidatos a deputado estadual, o recorde de sua longa historia politica. Logo ningu\u00e9m foi eleito devido \u00e0 pulveriza\u00e7\u00e3o dos votos. Nesta elei\u00e7\u00e3o ser\u00e3o apenas 7 candidatos. Ent\u00e3o o mesmo tem mais uma chance de provar que tem muito votos. Contra candidatos competitivos, o mesmo ter\u00e1 a mesma performance de outrora???<\/p>\n<p><strong>P\u00e9rola do Pantanal<\/strong><\/p>\n<p>Em Lad\u00e1rio, a escola municipal Eduardo Malhado foi fechada para reforma no inicio do ano pois apresentava ser um risco aos alunos e professores. Os alunos foram remanejados para outros locais para que a reforma pudesse come\u00e7ar imediatamente. O que chama a aten\u00e7\u00e3o \u00e9 que h\u00e1 mais de dois meses a secretaria municipal de educa\u00e7\u00e3o esta funcionando na escola Eduardo Malhado. Afinal a escola estava ou n\u00e3o caindo pelas tabelas ?\u00a0 E se ainda n\u00e3o houve reforma com que seguran\u00e7a estas pessoas est\u00e3o trabalhando l\u00e1? Coisas que s\u00f3 acontecem na P\u00c9ROLA DO PANTANAL!!!<\/p>\n","protected":false},"excerpt":{"rendered":"<p>Lula Pesquisa realizada pelo Instituto Vox Popoli entre os dias 18 a 20 de julho,&#8230;<\/p>\n","protected":false},"author":6,"featured_media":19310,"comment_status":"closed","ping_status":"closed","sticky":false,"template":"","format":"standard","meta":{"footnotes":""},"categories":[3],"tags":[],"class_list":["post-20429","post","type-post","status-publish","format-standard","has-post-thumbnail","hentry","category-artigo"],"_links":{"self":[{"href":"https:\/\/www.corumbaonline.com.br\/news\/wp-json\/wp\/v2\/posts\/20429","targetHints":{"allow":["GET"]}}],"collection":[{"href":"https:\/\/www.corumbaonline.com.br\/news\/wp-json\/wp\/v2\/posts"}],"about":[{"href":"https:\/\/www.corumbaonline.com.br\/news\/wp-json\/wp\/v2\/types\/post"}],"author":[{"embeddable":true,"href":"https:\/\/www.corumbaonline.com.br\/news\/wp-json\/wp\/v2\/users\/6"}],"replies":[{"embeddable":true,"href":"https:\/\/www.corumbaonline.com.br\/news\/wp-json\/wp\/v2\/comments?post=20429"}],"version-history":[{"count":1,"href":"https:\/\/www.corumbaonline.com.br\/news\/wp-json\/wp\/v2\/posts\/20429\/revisions"}],"predecessor-version":[{"id":20430,"href":"https:\/\/www.corumbaonline.com.br\/news\/wp-json\/wp\/v2\/posts\/20429\/revisions\/20430"}],"wp:featuredmedia":[{"embeddable":true,"href":"https:\/\/www.corumbaonline.com.br\/news\/wp-json\/wp\/v2\/media\/19310"}],"wp:attachment":[{"href":"https:\/\/www.corumbaonline.com.br\/news\/wp-json\/wp\/v2\/media?parent=20429"}],"wp:term":[{"taxonomy":"category","embeddable":true,"href":"https:\/\/www.corumbaonline.com.br\/news\/wp-json\/wp\/v2\/categories?post=20429"},{"taxonomy":"post_tag","embeddable":true,"href":"https:\/\/www.corumbaonline.com.br\/news\/wp-json\/wp\/v2\/tags?post=20429"}],"curies":[{"name":"wp","href":"https:\/\/api.w.org\/{rel}","templated":true}]}}