{"id":20439,"date":"2018-07-27T09:41:16","date_gmt":"2018-07-27T13:41:16","guid":{"rendered":"http:\/\/www.corumbaonline.com.br\/news\/?p=20439"},"modified":"2018-07-27T10:41:08","modified_gmt":"2018-07-27T14:41:08","slug":"servidores-da-educacao-cedidos-tem-ate-hoje-para-retornar","status":"publish","type":"post","link":"https:\/\/www.corumbaonline.com.br\/news\/servidores-da-educacao-cedidos-tem-ate-hoje-para-retornar\/","title":{"rendered":"Servidores da educa\u00e7\u00e3o cedidos tem at\u00e9 hoje para retornar"},"content":{"rendered":"<p>Publicado na edi\u00e7\u00e3o da \u00faltima segunda-feira, 23 de julho, do Di\u00e1rio Oficial do Munic\u00edpio de Corumb\u00e1 (DIOCORUMB\u00c1), decreto do prefeito Marcelo Iunes que disp\u00f5e sobre o retorno e apresenta\u00e7\u00e3o dos profissionais e especialistas em educa\u00e7\u00e3o \u00e0 Secretaria Municipal de Educa\u00e7\u00e3o. H\u00e1 necessidade de avalia\u00e7\u00e3o da manuten\u00e7\u00e3o da presta\u00e7\u00e3o de servi\u00e7o pelos professores da Rede Municipal de Ensino, a qualquer t\u00edtulo, fora de sua lota\u00e7\u00e3o origin\u00e1ria.<\/p>\n<p>O decreto n\u00b0 2.107, estabelece que profissionais e especialistas em educa\u00e7\u00e3o da Rede Municipal de Ensino que se encontram cedidos ou que, de qualquer forma e a qualquer t\u00edtulo, prestem servi\u00e7o fora de sua unidade de lota\u00e7\u00e3o origin\u00e1ria, seja na iniciativa particular ou p\u00fablica, por meio de conv\u00eanios, ajustes ou qualquer outro ato, dever\u00e3o se apresentar, at\u00e9 o dia 27 de julho de 2018 \u00e0 Secretaria Municipal de Educa\u00e7\u00e3o, devendo aguardar delibera\u00e7\u00f5es que ser\u00e3o comunicadas via Di\u00e1rio Oficial do Munic\u00edpio. O servidor que n\u00e3o se apresentar ter\u00e1 sua remunera\u00e7\u00e3o suspensa, sendo a mesma liberada somente ap\u00f3s comparecimento especificado no artigo anterior.<\/p>\n<p>De acordo com o decreto,<strong>\u00a0<\/strong>o servidores que se encontram licenciados do cargo por motivo de servi\u00e7o militar, atividade pol\u00edtica, capacita\u00e7\u00e3o, sa\u00fade, gestante e \u00e0 adotante e pela paternidade e por acidente em servi\u00e7o ou em f\u00e9rias regulamentares dever\u00e3o enviar \u00e0 Secretaria Municipal de Educa\u00e7\u00e3o, por meio do e-mail\u00a0seed.pedagogico@ corumba.ms.gov.br\u00a0comunica\u00e7\u00e3o indicando o \u00f3rg\u00e3o onde se encontra prestando servi\u00e7os e o motivo do seu afastamento, at\u00e9 o dia 27 de julho de 2018.<\/p>\n<p>A medida n\u00e3o se aplica aos servidores em licen\u00e7a para tratar de interesses particulares e aos licenciados por prazo inferior a sessenta dias e cujo retorno ao exerc\u00edcio do cargo deva ocorrer nos trinta dias seguintes \u00e0 publica\u00e7\u00e3o do decreto.<\/p>\n","protected":false},"excerpt":{"rendered":"<p>Publicado na edi\u00e7\u00e3o da \u00faltima segunda-feira, 23 de julho, do Di\u00e1rio Oficial do Munic\u00edpio de&#8230;<\/p>\n","protected":false},"author":1,"featured_media":0,"comment_status":"closed","ping_status":"closed","sticky":false,"template":"","format":"standard","meta":{"footnotes":""},"categories":[10],"tags":[],"class_list":["post-20439","post","type-post","status-publish","format-standard","hentry","category-educacao"],"_links":{"self":[{"href":"https:\/\/www.corumbaonline.com.br\/news\/wp-json\/wp\/v2\/posts\/20439","targetHints":{"allow":["GET"]}}],"collection":[{"href":"https:\/\/www.corumbaonline.com.br\/news\/wp-json\/wp\/v2\/posts"}],"about":[{"href":"https:\/\/www.corumbaonline.com.br\/news\/wp-json\/wp\/v2\/types\/post"}],"author":[{"embeddable":true,"href":"https:\/\/www.corumbaonline.com.br\/news\/wp-json\/wp\/v2\/users\/1"}],"replies":[{"embeddable":true,"href":"https:\/\/www.corumbaonline.com.br\/news\/wp-json\/wp\/v2\/comments?post=20439"}],"version-history":[{"count":1,"href":"https:\/\/www.corumbaonline.com.br\/news\/wp-json\/wp\/v2\/posts\/20439\/revisions"}],"predecessor-version":[{"id":20440,"href":"https:\/\/www.corumbaonline.com.br\/news\/wp-json\/wp\/v2\/posts\/20439\/revisions\/20440"}],"wp:attachment":[{"href":"https:\/\/www.corumbaonline.com.br\/news\/wp-json\/wp\/v2\/media?parent=20439"}],"wp:term":[{"taxonomy":"category","embeddable":true,"href":"https:\/\/www.corumbaonline.com.br\/news\/wp-json\/wp\/v2\/categories?post=20439"},{"taxonomy":"post_tag","embeddable":true,"href":"https:\/\/www.corumbaonline.com.br\/news\/wp-json\/wp\/v2\/tags?post=20439"}],"curies":[{"name":"wp","href":"https:\/\/api.w.org\/{rel}","templated":true}]}}