{"id":20468,"date":"2018-07-27T14:14:31","date_gmt":"2018-07-27T18:14:31","guid":{"rendered":"http:\/\/www.corumbaonline.com.br\/news\/?p=20468"},"modified":"2018-07-27T13:05:57","modified_gmt":"2018-07-27T17:05:57","slug":"festival-tera-almir-sater-renato-teixeira-e-gloria-groove","status":"publish","type":"post","link":"https:\/\/www.corumbaonline.com.br\/news\/festival-tera-almir-sater-renato-teixeira-e-gloria-groove\/","title":{"rendered":"Festival ter\u00e1 Almir Sater, Renato Teixeira e Gl\u00f3ria Groove"},"content":{"rendered":"<p>Aberto na noite desta quinta-feira (26) com as presen\u00e7as do secret\u00e1rio de Estado de Cultura e Cidadania, Athayde Nery, do prefeito municipal &#8211; Odilson Soares &#8211; e de um grande p\u00fablico, o 19\u00ba Festival de Inverno de Bonito prossegue nesta sexta-feira &#8211; 27 de julho &#8211; com uma extensa programa\u00e7\u00e3o que ter\u00e1 como destaques as apresenta\u00e7\u00f5es musicais de Marta Cel, Almir Sater e Renato Teixeira (com o show AR) e Gl\u00f3ria Groove.<\/p>\n<p>A cerim\u00f4nia de abertura desta quinta teve in\u00edcio com homenagens aos m\u00fasicos regionais Amambai e Amamba\u00ed, \u00e0 musicista Mayara Amaral e ao grupo de artes c\u00eanicas Senta que o Le\u00e3o \u00e9 Manso, passando a logo a seguir para as apresenta\u00e7\u00f5es musicais da Banda Sinf\u00f4nica Musical de Bonito, do grupo local Canta Bonito e da principal atra\u00e7\u00e3o da noite, o cantor Michel Tel\u00f3 com o show &#8220;Bem Sertanejo&#8221;.<\/p>\n<p>CONFIRA A PROGRAMA\u00c7\u00c3O DESTA SEXTA-FEIRA &#8211; DIA 27 DE JULHO<\/p>\n<p>9h &#8211; Casa da Mem\u00f3ria Ra\u00edda<\/p>\n<p>Encontro Cultural<\/p>\n<p>CAF\u00c9 FILOS\u00d3FICO<\/p>\n<p>10h &#8211; Espa\u00e7o Madeiral<\/p>\n<p>Cinema<\/p>\n<p>MOSTRA DE FILMES<\/p>\n<p>Amaz\u00f4nia &#8211; 14h<\/p>\n<p>Casa da Mem\u00f3ria Ra\u00edda<\/p>\n<p>Mesa Tem\u00e1tica\/Document\u00e1rio<\/p>\n<p>EU N\u00c3O ANDO S\u00d3<\/p>\n<p>Mara Silvestre (MS)<\/p>\n<p>15h &#8211; Hotel Marru\u00e1<\/p>\n<p>Palestra<\/p>\n<p>N\u00c3O DESCARTE, ENCAMINHE<\/p>\n<p>RODRIGO SABATINI (SC)<\/p>\n<p>Presidente do Instituto Lixo Zero Brasil<\/p>\n<p>15h &#8211; Espa\u00e7o Madeiral<\/p>\n<p>Cinema<\/p>\n<p>MOSTRA DE FILMES<\/p>\n<p>Como Nossos Pais<\/p>\n<p>15h &#8211; Distrito \u00c1guas do Miranda<\/p>\n<p>Palestra<\/p>\n<p>VALORIZA\u00c7\u00c3O DA IDENTIDADE NEGRA<\/p>\n<p>\u00c2ngela Epif\u00e2nio (MS)<\/p>\n<p>16h &#8211; Casa da Mem\u00f3ria Ra\u00edda<\/p>\n<p>Debate<\/p>\n<p>CAF\u00c9 FILOS\u00d3FICO<\/p>\n<p>MULHERES NA LITERATURA<\/p>\n<p>\u2018Produ\u00e7\u00e3o Liter\u00e1ria Feita por Mulheres\u2019<\/p>\n<p>16h &#8211; Bairro Marambaia<\/p>\n<p>Pra\u00e7a<\/p>\n<p>INTERVEN\u00c7\u00c3O DE SKATE<\/p>\n<p>16h\/18h &#8211; Distrito \u00c1guas do Miranda<\/p>\n<p>N\u00c3O \u00c9 GRUPO (Dourados\/MS)<\/p>\n<p>\u2018Judith e Sua Sombra de Menino\u2019<\/p>\n<p>18h &#8211; Pra\u00e7a da Liberdade<\/p>\n<p>Dan\u00e7a<\/p>\n<p>CIA. DE SAPATEADO P\u00c9 NA T\u00c1BUA e BR JAZZ (SP)<\/p>\n<p>\u2018Escuta Essa Dan\u00e7a\u2019<\/p>\n<p>19h &#8211; Pra\u00e7a da Liberdade<\/p>\n<p>Circo<\/p>\n<p>N\u00d3S NO BAMBU (DF)<\/p>\n<p>\u2018Mar Sem Beira\u2019<\/p>\n<p>19h &#8211; Espa\u00e7o Madeiral<\/p>\n<p>Cinema<\/p>\n<p>MOSTRA DE FILMES<\/p>\n<p>La Plata Yvyguy &#8211; Enterros e Guardados<\/p>\n<p>20h &#8211; Pra\u00e7a da Liberdade<\/p>\n<p>M\u00fasica<\/p>\n<p>MARIA ALICE (MS)<\/p>\n<p>\u2018Sert\u00f5es\u2019<\/p>\n<p>21h30 &#8211; Pra\u00e7a da Liberdade<\/p>\n<p>M\u00fasica<\/p>\n<p>ALMIR SATER (MS) e RENATO TEIXEIRA (SP)<\/p>\n<p>\u2018AR\u2019<\/p>\n<p>0h &#8211; Centro de M\u00faltiplo Uso (CMU)<\/p>\n<p>M\u00fasica<\/p>\n<p>MARTA CEL (MS)<\/p>\n<p>1h &#8211; Centro de M\u00faltiplo Uso (CMU)<\/p>\n<p>M\u00fasica<\/p>\n<p>GL\u00d3RIA GROOVE (SP)<\/p>\n<p>2h &#8211; Centro de M\u00faltiplo Uso (CMU)<\/p>\n<p>M\u00fasica Eletr\u00f4nica<\/p>\n<p>DJ JOU GONZALES (Bonito\/MS)<\/p>\n","protected":false},"excerpt":{"rendered":"<p>Aberto na noite desta quinta-feira (26) com as presen\u00e7as do secret\u00e1rio de Estado de Cultura&#8230;<\/p>\n","protected":false},"author":1,"featured_media":20469,"comment_status":"closed","ping_status":"closed","sticky":false,"template":"","format":"standard","meta":{"footnotes":""},"categories":[7],"tags":[],"class_list":["post-20468","post","type-post","status-publish","format-standard","has-post-thumbnail","hentry","category-cultura"],"_links":{"self":[{"href":"https:\/\/www.corumbaonline.com.br\/news\/wp-json\/wp\/v2\/posts\/20468","targetHints":{"allow":["GET"]}}],"collection":[{"href":"https:\/\/www.corumbaonline.com.br\/news\/wp-json\/wp\/v2\/posts"}],"about":[{"href":"https:\/\/www.corumbaonline.com.br\/news\/wp-json\/wp\/v2\/types\/post"}],"author":[{"embeddable":true,"href":"https:\/\/www.corumbaonline.com.br\/news\/wp-json\/wp\/v2\/users\/1"}],"replies":[{"embeddable":true,"href":"https:\/\/www.corumbaonline.com.br\/news\/wp-json\/wp\/v2\/comments?post=20468"}],"version-history":[{"count":1,"href":"https:\/\/www.corumbaonline.com.br\/news\/wp-json\/wp\/v2\/posts\/20468\/revisions"}],"predecessor-version":[{"id":20470,"href":"https:\/\/www.corumbaonline.com.br\/news\/wp-json\/wp\/v2\/posts\/20468\/revisions\/20470"}],"wp:featuredmedia":[{"embeddable":true,"href":"https:\/\/www.corumbaonline.com.br\/news\/wp-json\/wp\/v2\/media\/20469"}],"wp:attachment":[{"href":"https:\/\/www.corumbaonline.com.br\/news\/wp-json\/wp\/v2\/media?parent=20468"}],"wp:term":[{"taxonomy":"category","embeddable":true,"href":"https:\/\/www.corumbaonline.com.br\/news\/wp-json\/wp\/v2\/categories?post=20468"},{"taxonomy":"post_tag","embeddable":true,"href":"https:\/\/www.corumbaonline.com.br\/news\/wp-json\/wp\/v2\/tags?post=20468"}],"curies":[{"name":"wp","href":"https:\/\/api.w.org\/{rel}","templated":true}]}}