{"id":20473,"date":"2018-07-27T15:15:56","date_gmt":"2018-07-27T19:15:56","guid":{"rendered":"http:\/\/www.corumbaonline.com.br\/news\/?p=20473"},"modified":"2018-07-27T18:15:58","modified_gmt":"2018-07-27T22:15:58","slug":"toffoli-rejeita-pedidos-de-liberdade-para-eduardo-cunha","status":"publish","type":"post","link":"https:\/\/www.corumbaonline.com.br\/news\/toffoli-rejeita-pedidos-de-liberdade-para-eduardo-cunha\/","title":{"rendered":"Toffoli rejeita pedidos de liberdade para Eduardo Cunha"},"content":{"rendered":"<p>O vice-presidente do Supremo Tribunal Federal (STF), ministro Dias Toffoli, deixou de julgar hoje (27) dois pedidos de\u00a0<em>habeas corpus<\/em>\u00a0protocolados pela defesa do ex-presidente da C\u00e2mara dos Deputados Eduardo Cunha.<\/p>\n<p>Nas duas decis\u00f5es, Toffoli entendeu que n\u00e3o h\u00e1 urg\u00eancia nos pedidos para justificar uma decis\u00e3o durante o recesso de julho da Corte. O ministro tamb\u00e9m decidiu enviar o caso para o relator, Edson Fachin.<\/p>\n<p>Ex-deputado pelo MDB do Rio de Janeiro, Eduardo Cunha est\u00e1 preso desde outubro de 2016 pelas investiga\u00e7\u00f5es das opera\u00e7\u00f5es S\u00e9psis e Lava Jato, da Pol\u00edcia Federal (PF).\u00a0 No pedido de liberdade, os advogados alegam que Cunha sofre \u201cconstrangimento ilegal\u201d ao ser mantido preso por tanto tempo.<\/p>\n<p>Segundo a defesa do ex-deputado, n\u00e3o h\u00e1 motivos para manuten\u00e7\u00e3o da pris\u00e3o tanto no processo no qual Cunha teve a pris\u00e3o decretada em fun\u00e7\u00e3o da dela\u00e7\u00e3o do empres\u00e1rio Joesley Batista quanto na a\u00e7\u00e3o penal na qual foi condenado a 24 anos de pris\u00e3o, em processo envolvendo o Fundo de Garantia do Tempo de Servi\u00e7o (FI-FGTS).<\/p>\n<p>No m\u00eas passado, Cunha foi sentenciado pela Justi\u00e7a Federal em Bras\u00edlia no processo que apurou pagamento de propina de empresas interessadas na libera\u00e7\u00e3o de verbas do Fundo de Investimento do Fundo de Garantia do Tempo de Servi\u00e7o (FI-FGTS).<\/p>\n","protected":false},"excerpt":{"rendered":"<p>O vice-presidente do Supremo Tribunal Federal (STF), ministro Dias Toffoli, deixou de julgar hoje (27)&#8230;<\/p>\n","protected":false},"author":1,"featured_media":0,"comment_status":"closed","ping_status":"closed","sticky":false,"template":"","format":"standard","meta":{"footnotes":""},"categories":[19],"tags":[],"class_list":["post-20473","post","type-post","status-publish","format-standard","hentry","category-politica"],"_links":{"self":[{"href":"https:\/\/www.corumbaonline.com.br\/news\/wp-json\/wp\/v2\/posts\/20473","targetHints":{"allow":["GET"]}}],"collection":[{"href":"https:\/\/www.corumbaonline.com.br\/news\/wp-json\/wp\/v2\/posts"}],"about":[{"href":"https:\/\/www.corumbaonline.com.br\/news\/wp-json\/wp\/v2\/types\/post"}],"author":[{"embeddable":true,"href":"https:\/\/www.corumbaonline.com.br\/news\/wp-json\/wp\/v2\/users\/1"}],"replies":[{"embeddable":true,"href":"https:\/\/www.corumbaonline.com.br\/news\/wp-json\/wp\/v2\/comments?post=20473"}],"version-history":[{"count":1,"href":"https:\/\/www.corumbaonline.com.br\/news\/wp-json\/wp\/v2\/posts\/20473\/revisions"}],"predecessor-version":[{"id":20474,"href":"https:\/\/www.corumbaonline.com.br\/news\/wp-json\/wp\/v2\/posts\/20473\/revisions\/20474"}],"wp:attachment":[{"href":"https:\/\/www.corumbaonline.com.br\/news\/wp-json\/wp\/v2\/media?parent=20473"}],"wp:term":[{"taxonomy":"category","embeddable":true,"href":"https:\/\/www.corumbaonline.com.br\/news\/wp-json\/wp\/v2\/categories?post=20473"},{"taxonomy":"post_tag","embeddable":true,"href":"https:\/\/www.corumbaonline.com.br\/news\/wp-json\/wp\/v2\/tags?post=20473"}],"curies":[{"name":"wp","href":"https:\/\/api.w.org\/{rel}","templated":true}]}}