{"id":20475,"date":"2018-07-27T15:33:36","date_gmt":"2018-07-27T19:33:36","guid":{"rendered":"http:\/\/www.corumbaonline.com.br\/news\/?p=20475"},"modified":"2018-07-27T18:17:18","modified_gmt":"2018-07-27T22:17:18","slug":"harfouche-confirma-e-sera-o-6o-candidato-ao-governo-do-estado","status":"publish","type":"post","link":"https:\/\/www.corumbaonline.com.br\/news\/harfouche-confirma-e-sera-o-6o-candidato-ao-governo-do-estado\/","title":{"rendered":"Harfouche confirma e ser\u00e1 o 6\u00ba candidato ao Governo do Estado"},"content":{"rendered":"<p>O procurador de justi\u00e7a S\u00e9rgio Harfouche anunciou, na tarde desta sexta-feira (27), que \u00e9 o candidato do PSC ao Governo do Estado. Com a confirma\u00e7\u00e3o de Harfouche, j\u00e1 s\u00e3o seis candidatos que concorrer\u00e3o ao comando de Mato Grosso do Sul em outubro.<\/p>\n<p>O procurador convocou a imprensa para entrevista coletiva em sua casa, na Vila Planalto. Harfouche se define como a \u201cquarta via\u201d ao Governo. O vice na chapa do PSC ainda n\u00e3o foi definido e deve ser anunciado na conven\u00e7\u00e3o do partido, em 4 de agosto.<\/p>\n<p>Tendo como foco da campanha a fam\u00edlia, o procurador ficou conhecido ao fazer palestras pelo Estado e at\u00e9 dar nome a lei estadual que prev\u00ea puni\u00e7\u00f5es a alunos flagrados causando danos no patrim\u00f4nio escolar.<\/p>\n<p>Harfouche afirmou que durante a campanha eleitoral ir\u00e1 focar a\u00e7\u00f5es nos eleitores que est\u00e3o indecisos ou que n\u00e3o querem escolher nenhum candidato na urna. \u201cSe sou capaz de governar minha fam\u00edlia, sou capaz de governar o Estado\u201d, disse ao ser questionado sobre seu plano de governo.<\/p>\n<p>O procurador tamb\u00e9m lembrou que est\u00e1 perto de se aposentar do MPE-MS (Minist\u00e9rio P\u00fablico Estadual), onde construiu carreira e se licenciou recentemente para concorrer \u00e0s elei\u00e7\u00f5es.<\/p>\n<h3>Outdoor<\/h3>\n<p>Alvo de a\u00e7\u00e3o do MPF (Minist\u00e9rio P\u00fablico Federal) por campanha antecipada com publicidade em outdoors,\u00a0Harfouche se defendeu afirmando que n\u00e3o h\u00e1 dispositivo legal no TSE (Tribunal Superior Eleitoral) que o impe\u00e7a de veicular os pain\u00e9is.<\/p>\n<p>\u201cA den\u00fancia do MPF \u00e9 uma suposi\u00e7\u00e3o, para ser condenado, n\u00e3o basta uma coincid\u00eancia, o minist\u00e9rio precisa comprovar o dolo\u201d, finalizou.<\/p>\n","protected":false},"excerpt":{"rendered":"<p>O procurador de justi\u00e7a S\u00e9rgio Harfouche anunciou, na tarde desta sexta-feira (27), que \u00e9 o&#8230;<\/p>\n","protected":false},"author":1,"featured_media":0,"comment_status":"closed","ping_status":"closed","sticky":false,"template":"","format":"standard","meta":{"footnotes":""},"categories":[19],"tags":[],"class_list":["post-20475","post","type-post","status-publish","format-standard","hentry","category-politica"],"_links":{"self":[{"href":"https:\/\/www.corumbaonline.com.br\/news\/wp-json\/wp\/v2\/posts\/20475","targetHints":{"allow":["GET"]}}],"collection":[{"href":"https:\/\/www.corumbaonline.com.br\/news\/wp-json\/wp\/v2\/posts"}],"about":[{"href":"https:\/\/www.corumbaonline.com.br\/news\/wp-json\/wp\/v2\/types\/post"}],"author":[{"embeddable":true,"href":"https:\/\/www.corumbaonline.com.br\/news\/wp-json\/wp\/v2\/users\/1"}],"replies":[{"embeddable":true,"href":"https:\/\/www.corumbaonline.com.br\/news\/wp-json\/wp\/v2\/comments?post=20475"}],"version-history":[{"count":1,"href":"https:\/\/www.corumbaonline.com.br\/news\/wp-json\/wp\/v2\/posts\/20475\/revisions"}],"predecessor-version":[{"id":20476,"href":"https:\/\/www.corumbaonline.com.br\/news\/wp-json\/wp\/v2\/posts\/20475\/revisions\/20476"}],"wp:attachment":[{"href":"https:\/\/www.corumbaonline.com.br\/news\/wp-json\/wp\/v2\/media?parent=20475"}],"wp:term":[{"taxonomy":"category","embeddable":true,"href":"https:\/\/www.corumbaonline.com.br\/news\/wp-json\/wp\/v2\/categories?post=20475"},{"taxonomy":"post_tag","embeddable":true,"href":"https:\/\/www.corumbaonline.com.br\/news\/wp-json\/wp\/v2\/tags?post=20475"}],"curies":[{"name":"wp","href":"https:\/\/api.w.org\/{rel}","templated":true}]}}